{"id":21439,"date":"2014-04-24T20:48:18","date_gmt":"2014-04-25T01:48:18","guid":{"rendered":"http:\/\/contraluzcucuta.co\/?p=21439"},"modified":"2014-04-24T20:48:18","modified_gmt":"2014-04-25T01:48:18","slug":"obra-social-jugadores-del-cucuta-visitaron-ninos-con-cancer","status":"publish","type":"post","link":"https:\/\/contraluzcucuta.co\/?p=21439","title":{"rendered":"OBRA SOCIAL. Jugadores del C\u00facuta visitaron ni\u00f1os con c\u00e1ncer"},"content":{"rendered":"<p><b style=\"line-height: 1.5em;\">C\u00daCUTA.-<\/b><span style=\"line-height: 1.5em;\"> Jugadores y\u00a0 cuerpo t\u00e9cnico del C\u00facuta Deportivo, con apoyo de\u00a0 la Asociaci\u00f3n Colombiana de Periodistas Deportivos, (Acord), Norte de Santander, visitaron\u00a0 a los ni\u00f1os que se encuentran en recuperaci\u00f3n en Hospital Erasmo Meoz.<\/span><\/p>\n<p>La\u00a0 Fundaci\u00f3n Sanar,\u00a0 organizaci\u00f3n colombiana sin \u00e1nimo de lucro, durante casi 30 a\u00f1os se ha dedicado a acompa\u00f1ar al ni\u00f1o con c\u00e1ncer y a la familia en el diagn\u00f3stico y cuidado integral de la enfermedad.<\/p>\n<p>En la actividad los integrantes del conjunto rojinegro entregaron regalos y firmaron aut\u00f3grafos. El t\u00e9cnicoH\u00e9ctor Estrada Cano se\u00f1al\u00f3 que estos encuentros son importantes, porque\u00a0 permiten que los ni\u00f1os interact\u00faen con los jugadores y compartan algunos minutos.<\/p>\n<p>\u201cSoy partidario de estas actividades. Esto llena al equipo, nos une m\u00e1s y nos compromete a seguir en la organizaci\u00f3n de obras que ayuden a\u00a0 los ni\u00f1os\u201d dijo Estrada.<\/p>\n<p>El defensa Diego Vald\u00e9s afirmo que \u201cesta es\u00a0 un actividad importante y humana. Ver\u00a0 la felicidad en el rostro de los ni\u00f1os\u00a0 nos llena como personas y nos compromete a seguir haci\u00e9ndolo\u201d.<\/p>\n<p>&nbsp; <\/p>\n","protected":false},"excerpt":{"rendered":"<p>C\u00daCUTA.- Jugadores y\u00a0 cuerpo t\u00e9cnico del C\u00facuta Deportivo, con apoyo de\u00a0 la Asociaci\u00f3n Colombiana de Periodistas Deportivos, (Acord), Norte de Santander, visitaron\u00a0 a los ni\u00f1os que se encuentran en recuperaci\u00f3n en Hospital Erasmo Meoz. La\u00a0 Fundaci\u00f3n Sanar,\u00a0 organizaci\u00f3n colombiana sin \u00e1nimo de lucro, durante casi 30 a\u00f1os se ha dedicado a acompa\u00f1ar al ni\u00f1o con &hellip;<\/p>\n","protected":false},"author":1,"featured_media":21440,"comment_status":"open","ping_status":"open","sticky":false,"template":"","format":"standard","meta":{"footnotes":""},"categories":[28],"tags":[1086,901],"class_list":["post-21439","post","type-post","status-publish","format-standard","has-post-thumbnail","hentry","category-vistazo-deportivo","tag-cucuta-deportivo-2014","tag-fundacion-sanar"],"_links":{"self":[{"href":"https:\/\/contraluzcucuta.co\/index.php?rest_route=\/wp\/v2\/posts\/21439","targetHints":{"allow":["GET"]}}],"collection":[{"href":"https:\/\/contraluzcucuta.co\/index.php?rest_route=\/wp\/v2\/posts"}],"about":[{"href":"https:\/\/contraluzcucuta.co\/index.php?rest_route=\/wp\/v2\/types\/post"}],"author":[{"embeddable":true,"href":"https:\/\/contraluzcucuta.co\/index.php?rest_route=\/wp\/v2\/users\/1"}],"replies":[{"embeddable":true,"href":"https:\/\/contraluzcucuta.co\/index.php?rest_route=%2Fwp%2Fv2%2Fcomments&post=21439"}],"version-history":[{"count":1,"href":"https:\/\/contraluzcucuta.co\/index.php?rest_route=\/wp\/v2\/posts\/21439\/revisions"}],"predecessor-version":[{"id":21441,"href":"https:\/\/contraluzcucuta.co\/index.php?rest_route=\/wp\/v2\/posts\/21439\/revisions\/21441"}],"wp:featuredmedia":[{"embeddable":true,"href":"https:\/\/contraluzcucuta.co\/index.php?rest_route=\/wp\/v2\/media\/21440"}],"wp:attachment":[{"href":"https:\/\/contraluzcucuta.co\/index.php?rest_route=%2Fwp%2Fv2%2Fmedia&parent=21439"}],"wp:term":[{"taxonomy":"category","embeddable":true,"href":"https:\/\/contraluzcucuta.co\/index.php?rest_route=%2Fwp%2Fv2%2Fcategories&post=21439"},{"taxonomy":"post_tag","embeddable":true,"href":"https:\/\/contraluzcucuta.co\/index.php?rest_route=%2Fwp%2Fv2%2Ftags&post=21439"}],"curies":[{"name":"wp","href":"https:\/\/api.w.org\/{rel}","templated":true}]}}