{"id":21423,"date":"2014-04-23T22:59:58","date_gmt":"2014-04-24T03:59:58","guid":{"rendered":"http:\/\/contraluzcucuta.co\/?p=21423"},"modified":"2014-04-24T22:00:19","modified_gmt":"2014-04-25T03:00:19","slug":"espacio-publico-y-metropolizacion-en-ciudades-contemporaneas","status":"publish","type":"post","link":"https:\/\/contraluzcucuta.co\/?p=21423","title":{"rendered":"Espacio p\u00fablico y metropolizaci\u00f3n en ciudades contempor\u00e1neas\u2019"},"content":{"rendered":"<p>\u2018<b>C\u00daCUTA.-<\/b> La maestr\u00eda de gesti\u00f3n urbana de la Universidad Piloto de Colombia organiza el seminario regional \u2018Espacio p\u00fablico y metropolizaci\u00f3n en ciudades contempor\u00e1neas\u2019. Las conferencias centrales ser\u00e1n \u2018Estrategias de gesti\u00f3n urbana para promover la formaci\u00f3n ciudadana en el espacio p\u00fablico\u2019, de la arquitecta Margarita Mar\u00eda Contreras; \u2018Apropiaci\u00f3n del espacio p\u00fablico por parte de las vendedoras informales\u2019, de la arquitecta Yannette D\u00edaz Uma\u00f1a, y \u2018Metropolizaci\u00f3n binacional y econom\u00eda informal\u2019, del arquitecto Jorge Bichara Bitar Ram\u00edrez.<\/p>\n<p>Uno de los objetivos de la jornada acad\u00e9mica es establecer relaciones de cooperaci\u00f3n cient\u00edfica y cultural entre las instituciones, y desarrollar\u00a0 actividades, de acuerdo con la normatividad interna de las partes y la disponibilidad presupuestaria, en los siguientes campos:<\/p>\n<p>1.- Interacci\u00f3n e intercambio de conocimientos entre las universidades, con el prop\u00f3sito de desarrollar programas de docencia com\u00fan.<\/p>\n<p>2.- Relaci\u00f3n de proyectos de investigaci\u00f3n y gesti\u00f3n conjunta, pudiendo en tales casos, recurrir a fuentes de financiamiento externas para el desarrollo de los referidos proyectos, previo acuerdo entre las partes.<\/p>\n<p>3.- Participar en proyectos de investigaci\u00f3n, formaci\u00f3n y proyecci\u00f3n social que la contraparte tenga en ejecuci\u00f3n.<\/p>\n<p>4.- Adelantar gestiones con las administraciones municipal y departamental para consolidar la iniciativa de cooperaci\u00f3n.<\/p>\n<p>5.- Auspiciar la participaci\u00f3n de estudiantes y docentes de la regi\u00f3n en seminarios y otros programas de investigaci\u00f3n, formaci\u00f3n y proyecci\u00f3n social.<\/p>\n<p>6.- Organizar conferencias, seminarios o cursos sobre temas de inter\u00e9s para la regi\u00f3n.<\/p>\n<p>El programa previsto es el siguiente:<\/p>\n<p><b>24 de abril. Universidad de Pamplona <\/b><\/p>\n<p>8:00 \u2013 10:00 am Reuni\u00f3n con el rector de la Universidad de Pamplona, Elio Serrano, para la firma del convenio de cooperaci\u00f3n acad\u00e9mica e investigativa.<\/p>\n<p>2:00 \u2013 5:00 pm Presentaci\u00f3n del video institucional de investigaciones de la<\/p>\n<p>Universidad Piloto de Colombia.<\/p>\n<p>&#8211;\u00a0\u00a0\u00a0\u00a0\u00a0\u00a0\u00a0\u00a0 Conferencia Estrategias de gesti\u00f3n urbana para promover la formaci\u00f3n ciudadana en el espacio p\u00fablico. Margarita Mar\u00eda Contreras, arquitecta.<\/p>\n<p>&#8211;\u00a0\u00a0\u00a0\u00a0\u00a0\u00a0\u00a0\u00a0 Conferencia Metropolizaci\u00f3n binacional y econom\u00eda informal. Jorge Bichara Bitar Ram\u00edrez, arquitecto.<\/p>\n<p>&nbsp;<\/p>\n<p><b>25 de abril. Universidad Francisco de Paula Santander <\/b><\/p>\n<p>10:00 am \u2013 12:30 pm Presentaci\u00f3n del video institucional de investigaciones de la Universidad Piloto de Colombia.<\/p>\n<p>&#8211;\u00a0\u00a0\u00a0\u00a0\u00a0\u00a0\u00a0\u00a0 Conferencia Apropiaci\u00f3n del espacio p\u00fablico por parte de las vendedoras informales. Yannette D\u00edaz Uma\u00f1a, arquitecta.<\/p>\n<p>&#8211;\u00a0\u00a0\u00a0\u00a0\u00a0\u00a0\u00a0\u00a0 Conferencia Metropolizaci\u00f3n binacional y econom\u00eda informal. Jorge Bichara Bitar Ram\u00edrez, arquitecto.<\/p>\n<p>Gesti\u00f3n con los directivos de la Universidad Francisco de Paula Santander, para establecer alianzas de cooperaci\u00f3n interinstitucional.<\/p>\n<p><b>26 de abril <\/b><\/p>\n<p>9:00 am \u2013 2:30 pm Gesti\u00f3n con entidades y organizaciones del sector externo.<\/p>\n<p>Foto: MARCO S\u00daA<\/p>\n<p>&nbsp; <\/p>\n","protected":false},"excerpt":{"rendered":"<p>\u2018C\u00daCUTA.- La maestr\u00eda de gesti\u00f3n urbana de la Universidad Piloto de Colombia organiza el seminario regional \u2018Espacio p\u00fablico y metropolizaci\u00f3n en ciudades contempor\u00e1neas\u2019. Las conferencias centrales ser\u00e1n \u2018Estrategias de gesti\u00f3n urbana para promover la formaci\u00f3n ciudadana en el espacio p\u00fablico\u2019, de la arquitecta Margarita Mar\u00eda Contreras; \u2018Apropiaci\u00f3n del espacio p\u00fablico por parte de las vendedoras &hellip;<\/p>\n","protected":false},"author":1,"featured_media":21424,"comment_status":"open","ping_status":"open","sticky":false,"template":"","format":"standard","meta":{"footnotes":""},"categories":[556,6],"tags":[1363,1362],"class_list":["post-21423","post","type-post","status-publish","format-standard","has-post-thumbnail","hentry","category-departamento","category-ojo-avizor","tag-maestria-de-gestion-urbana","tag-universidad-piloto-de-colombia"],"_links":{"self":[{"href":"https:\/\/contraluzcucuta.co\/index.php?rest_route=\/wp\/v2\/posts\/21423","targetHints":{"allow":["GET"]}}],"collection":[{"href":"https:\/\/contraluzcucuta.co\/index.php?rest_route=\/wp\/v2\/posts"}],"about":[{"href":"https:\/\/contraluzcucuta.co\/index.php?rest_route=\/wp\/v2\/types\/post"}],"author":[{"embeddable":true,"href":"https:\/\/contraluzcucuta.co\/index.php?rest_route=\/wp\/v2\/users\/1"}],"replies":[{"embeddable":true,"href":"https:\/\/contraluzcucuta.co\/index.php?rest_route=%2Fwp%2Fv2%2Fcomments&post=21423"}],"version-history":[{"count":1,"href":"https:\/\/contraluzcucuta.co\/index.php?rest_route=\/wp\/v2\/posts\/21423\/revisions"}],"predecessor-version":[{"id":21425,"href":"https:\/\/contraluzcucuta.co\/index.php?rest_route=\/wp\/v2\/posts\/21423\/revisions\/21425"}],"wp:featuredmedia":[{"embeddable":true,"href":"https:\/\/contraluzcucuta.co\/index.php?rest_route=\/wp\/v2\/media\/21424"}],"wp:attachment":[{"href":"https:\/\/contraluzcucuta.co\/index.php?rest_route=%2Fwp%2Fv2%2Fmedia&parent=21423"}],"wp:term":[{"taxonomy":"category","embeddable":true,"href":"https:\/\/contraluzcucuta.co\/index.php?rest_route=%2Fwp%2Fv2%2Fcategories&post=21423"},{"taxonomy":"post_tag","embeddable":true,"href":"https:\/\/contraluzcucuta.co\/index.php?rest_route=%2Fwp%2Fv2%2Ftags&post=21423"}],"curies":[{"name":"wp","href":"https:\/\/api.w.org\/{rel}","templated":true}]}}