{"id":21399,"date":"2014-04-22T22:36:15","date_gmt":"2014-04-23T03:36:15","guid":{"rendered":"http:\/\/contraluzcucuta.co\/?p=21399"},"modified":"2014-04-23T23:08:24","modified_gmt":"2014-04-24T04:08:24","slug":"carta-de-fenalco-ahora-que-se-habla-del-acueducto-metropolitano","status":"publish","type":"post","link":"https:\/\/contraluzcucuta.co\/?p=21399","title":{"rendered":"CARTA DE FENALCO. Ahora que se habla del acueducto metropolitano"},"content":{"rendered":"<p><b style=\"line-height: 1.5em;\">C\u00daCUTA.-<\/b><span style=\"line-height: 1.5em;\"> Ante los especiales momentos en los que se habla del tan mentado acueducto metropolitano\u00a0 conviene que los cucute\u00f1os reflexionemos sobre la importancia de esta obra que, sin lugar a dudas, solucionar\u00e1 el mayor problema que ha tenido la ciudad, como es\u00a0 garantizar el agua para los\u00a0 pr\u00f3ximos 50 a\u00f1os, sin olvidar que llegar a hasta este punto, les ha costado a los cucute\u00f1os, p\u00e9rdidas\u00a0 de toda \u00edndole destac\u00e1ndose la cat\u00e1strofe ambiental\u00a0 ocurrida en diciembre del 2011, con ocasi\u00f3n de la voladura del Oleoducto Ca\u00f1o Lim\u00f3n.<\/span><\/p>\n<p>Darle a la ciudad el\u00a0 acueducto metropolitano es un deber del Estado y de Ecopetrol, por lo tanto no se puede mirar como un favor de los dioses porque insistimos que hemos pagado cada peso que se piensa invertir, de ah\u00ed que debemos tener claro qu\u00e9\u00a0 nos est\u00e1n ofreciendo, para\u00a0 pedir solo lo que tenemos derecho,\u00a0\u00a0\u00a0 So Pena de que la historia nos juzgue por haber sido negligentes con los intereses de la regi\u00f3n,\u00a0\u00a0 no olvidemos que este proyecto\u00a0\u00a0 busca\u00a0 construir una nueva captaci\u00f3n, conducci\u00f3n y bombeo para el suministro de un\u00a0 caudal de 3 metros c\u00fabicos por segundo, lo que requiere ser analizado bajo unos criterios t\u00e9cnicos que nos permita conocer la\u00a0 efectividad de la obra de ingenier\u00eda, costo beneficio, sostenibilidad ambiental y cobertura del servicio,\u00a0 y por supuesto un an\u00e1lisis econ\u00f3mico financiero que nos permita ser m\u00e1s eficientes con el uso de esos recursos; sin embargo, a la fecha no se conoce alg\u00fan documento que\u00a0 nos de la certeza de que la alternativa seleccionada es la m\u00e1s viable pero sobre todo de menor impacto para la\u00a0\u00a0 comunidad. Pretender que se haga por bombeo demandar\u00e1 altos consumos de energ\u00eda que l\u00f3gicamente repercutir\u00e1 sobre el costo de las tarifas del servicio, de ah\u00ed que los habitantes del distrito de riego del r\u00edo Zulia han llamado la atenci\u00f3n sobre el particular, lo f\u00e1cil ser\u00eda hacerlo por GRAVEDAD, si tenemos en cuenta que\u00a0 ambientalmente es m\u00e1s aceptable,\u00a0 aunque tengamos que ir un poco m\u00e1s arriba y no estar\u00edamos traslad\u00e1ndole esos costos a los que est\u00e9n m\u00e1s cerca de la toma. La propuesta que esta contemplada por el gobierno, supone m\u00e1s de un bombeo y sobre todo ignora el an\u00e1lisis de la oferta de agua a la luz del cambio clim\u00e1tico que evidencia dr\u00e1sticas variaciones en el comportamiento de los per\u00edodos e intensidades de las lluvias y per\u00edodos secos, llev\u00e1ndolos a extremos en ambos casos y generando incertidumbre sobre los datos promedios;\u00a0 es aqu\u00ed, donde todos tenemos una responsabilidad social;\u00a0 es por esto que lo que se pretende con la construcci\u00f3n de este acueducto es integrarlo con la vieja aspiraci\u00f3n de tener el Embalse Multiprop\u00f3sito del C\u00ednera que a juicio de los expertos, costar\u00eda\u00a0 un valor cercano a\u00a0 640 mil millones lo que supone que est\u00e1bamos hablando de la mitad de los costos del que se pretende hacer, la comparaci\u00f3n de estos datos deja ver a simple entendimiento que un proyecto que s\u00f3lo capta y conduce agua y no prev\u00e9\u00a0 el almacenamiento, como garant\u00eda para mantener la oferta por las impredecibles oscilaciones de la oferta de la fuente de agua por la variabilidad clim\u00e1tica global (per\u00edodos recurrentes de fen\u00f3menos del \u201cni\u00f1o\u201d y la \u201cni\u00f1a\u201d), vale el 50% de otra alternativa que prev\u00e9 un gran almacenamiento de agua que permite garant\u00eda\u00a0 del agua de los habitantes del \u00c1rea Metropolitana de C\u00facuta en los pr\u00f3ximos 50 a\u00f1os.<\/p>\n<p>&nbsp;<\/p>\n<p>Similar al proyecto del Acueducto fueron los anuncios del Presidente Santos para esta frontera, que a juicio del gremio fueron infinitamente inferiores a la dificultad que los habitantes de esta ciudad enfrentan;\u00a0 ofrecer \u00a0Cinco Mil Millones para atacar el desempleo no nos permite siquiera que se mueva la aguja del\u00a0 deshonroso\u00a0 indicador del desempleo de un punto,\u00a0\u00a0 los 70 Mil Millones, ser\u00e1 bien recibidos y los agradecemos\u00a0 pero estamos seguros que\u00a0 de esos 50 que le corresponden a los empresarios se acabaran en menos de una semana como paso el a\u00f1o anterior con los \u00faltimos Treinta Mil Millones que nos adicionaron\u00a0 a \u00faltima hora y que nos permitieron tener al final\u00a0\u00a0 130 Mil Millones con garant\u00eda subsidiada del Fondo Nacional de Garant\u00edas-F.N.G.\u00a0\u00a0 En cuanto a\u00a0 desempolvar\u00a0 las Zonas Econ\u00f3micas Especiales de Exportaci\u00f3n para dar un gran salto a la industrializaci\u00f3n, seg\u00fan palabras del Ministro de Hacienda, para que se logre el objetivo de:\u00a0\u00a0 h\u00e1gase la luz y la luz sea hecha,\u00a0 no es tan cierto, porque el proceso de industrializaci\u00f3n es un proceso integral\u00a0 en la que debemos incluir, indicadores de ciudad,\u00a0 ll\u00e1mese, servicios p\u00fablicos, conectividad y cercan\u00eda de puertos,\u00a0 entre otros,\u00a0\u00a0 trabajo que estamos solo\u00a0 a mitad de camino,\u00a0 pues esta es la lista de chequeo que nos pasar\u00e1n los inversionistas que quieran invertir Tres Mil Millones de Pesos.<\/p>\n<p>&nbsp;<\/p>\n<p>FENALCO-San Jos\u00e9 de C\u00facuta, 22 de abril de 2014 <\/p>\n","protected":false},"excerpt":{"rendered":"<p>C\u00daCUTA.- Ante los especiales momentos en los que se habla del tan mentado acueducto metropolitano\u00a0 conviene que los cucute\u00f1os reflexionemos sobre la importancia de esta obra que, sin lugar a dudas, solucionar\u00e1 el mayor problema que ha tenido la ciudad, como es\u00a0 garantizar el agua para los\u00a0 pr\u00f3ximos 50 a\u00f1os, sin olvidar que llegar a &hellip;<\/p>\n","protected":false},"author":1,"featured_media":21400,"comment_status":"open","ping_status":"open","sticky":false,"template":"","format":"standard","meta":{"footnotes":""},"categories":[14,6],"tags":[1358,1357],"class_list":["post-21399","post","type-post","status-publish","format-standard","has-post-thumbnail","hentry","category-articulistas","category-ojo-avizor","tag-acueducto-metropolitano","tag-carta-de-fenalco"],"_links":{"self":[{"href":"https:\/\/contraluzcucuta.co\/index.php?rest_route=\/wp\/v2\/posts\/21399","targetHints":{"allow":["GET"]}}],"collection":[{"href":"https:\/\/contraluzcucuta.co\/index.php?rest_route=\/wp\/v2\/posts"}],"about":[{"href":"https:\/\/contraluzcucuta.co\/index.php?rest_route=\/wp\/v2\/types\/post"}],"author":[{"embeddable":true,"href":"https:\/\/contraluzcucuta.co\/index.php?rest_route=\/wp\/v2\/users\/1"}],"replies":[{"embeddable":true,"href":"https:\/\/contraluzcucuta.co\/index.php?rest_route=%2Fwp%2Fv2%2Fcomments&post=21399"}],"version-history":[{"count":1,"href":"https:\/\/contraluzcucuta.co\/index.php?rest_route=\/wp\/v2\/posts\/21399\/revisions"}],"predecessor-version":[{"id":21401,"href":"https:\/\/contraluzcucuta.co\/index.php?rest_route=\/wp\/v2\/posts\/21399\/revisions\/21401"}],"wp:featuredmedia":[{"embeddable":true,"href":"https:\/\/contraluzcucuta.co\/index.php?rest_route=\/wp\/v2\/media\/21400"}],"wp:attachment":[{"href":"https:\/\/contraluzcucuta.co\/index.php?rest_route=%2Fwp%2Fv2%2Fmedia&parent=21399"}],"wp:term":[{"taxonomy":"category","embeddable":true,"href":"https:\/\/contraluzcucuta.co\/index.php?rest_route=%2Fwp%2Fv2%2Fcategories&post=21399"},{"taxonomy":"post_tag","embeddable":true,"href":"https:\/\/contraluzcucuta.co\/index.php?rest_route=%2Fwp%2Fv2%2Ftags&post=21399"}],"curies":[{"name":"wp","href":"https:\/\/api.w.org\/{rel}","templated":true}]}}