{"id":21396,"date":"2014-04-22T22:26:51","date_gmt":"2014-04-23T03:26:51","guid":{"rendered":"http:\/\/contraluzcucuta.co\/?p=21396"},"modified":"2014-04-23T23:11:06","modified_gmt":"2014-04-24T04:11:06","slug":"rescate-universitaria-vivio-29-dias-en-poder-de-la-oficina-de-envigado","status":"publish","type":"post","link":"https:\/\/contraluzcucuta.co\/?p=21396","title":{"rendered":"RESCATE. Universitaria vivi\u00f3 29 d\u00edas en poder de la \u2018Oficina de Envigado\u2019"},"content":{"rendered":"<p><b style=\"line-height: 1.5em;\">C\u00daCUTA.-<\/b><span style=\"line-height: 1.5em;\"> Agentes del Grupo de Acci\u00f3n Unificada para la Libertad Personal (Gaula) devolvieron a la libertad a una estudiante de derecho, de 22 a\u00f1os. La universitaria permaneci\u00f3 secuestrada en un apartamento de la zona c\u00e9ntrica de C\u00facuta.<\/span><\/p>\n<p>El plagi\u00f3 ocurri\u00f3, el 23 de marzo, cuando la joven llegaba a casa en compa\u00f1\u00eda del novio. La v\u00edctima fue retenida a la fuerza. Desde ese momento un grupo especial del Gaula activ\u00f3 el operativo tendiente a capturar a los responsables del secuestro.<\/p>\n<p>Adem\u00e1s del rescate, los uniformados capturaron a cuatro presuntos integrantes de la \u2018Oficina de Envigado\u2019 (Antioquia). De acuerdo con las investigaciones, se trat\u00f3 de un secuestro extorsivo. Los plagiarios exig\u00edan por la liberaci\u00f3n el pago de $ 1700 millones.<\/p>\n<p>La v\u00edctima permaneci\u00f3 bajo amenazas y custodiada por hombres armados. \u00a0Los detenidos son oriundos y residentes en Medell\u00edn. En esa ciudad adquirieron experiencia delincuencial.<\/p>\n<p>Las autoridades judiciales investigan la presencia de los sujetos en la ciudad fronteriza. Se tiene informaci\u00f3n de que hab\u00eda planeados otros secuestros en esta zona del pa\u00eds.<\/p>\n<p>La estudiante retorn\u00f3 a la libertad sana y se reencontr\u00f3 con los familiares en el Comando de la Polic\u00eda de San Mateo, en C\u00facuta. Los capturados quedaron a disposici\u00f3n de la Fiscal\u00eda Tercera Delegada ante el Grupo Gaula de C\u00facuta. <\/p>\n","protected":false},"excerpt":{"rendered":"<p>C\u00daCUTA.- Agentes del Grupo de Acci\u00f3n Unificada para la Libertad Personal (Gaula) devolvieron a la libertad a una estudiante de derecho, de 22 a\u00f1os. La universitaria permaneci\u00f3 secuestrada en un apartamento de la zona c\u00e9ntrica de C\u00facuta. El plagi\u00f3 ocurri\u00f3, el 23 de marzo, cuando la joven llegaba a casa en compa\u00f1\u00eda del novio. La &hellip;<\/p>\n","protected":false},"author":1,"featured_media":21397,"comment_status":"open","ping_status":"open","sticky":false,"template":"","format":"standard","meta":{"footnotes":""},"categories":[11,36],"tags":[1355,1356],"class_list":["post-21396","post","type-post","status-publish","format-standard","has-post-thumbnail","hentry","category-cronica-roja","category-la-voz-del-pueblo","tag-gaula","tag-rescate"],"_links":{"self":[{"href":"https:\/\/contraluzcucuta.co\/index.php?rest_route=\/wp\/v2\/posts\/21396","targetHints":{"allow":["GET"]}}],"collection":[{"href":"https:\/\/contraluzcucuta.co\/index.php?rest_route=\/wp\/v2\/posts"}],"about":[{"href":"https:\/\/contraluzcucuta.co\/index.php?rest_route=\/wp\/v2\/types\/post"}],"author":[{"embeddable":true,"href":"https:\/\/contraluzcucuta.co\/index.php?rest_route=\/wp\/v2\/users\/1"}],"replies":[{"embeddable":true,"href":"https:\/\/contraluzcucuta.co\/index.php?rest_route=%2Fwp%2Fv2%2Fcomments&post=21396"}],"version-history":[{"count":1,"href":"https:\/\/contraluzcucuta.co\/index.php?rest_route=\/wp\/v2\/posts\/21396\/revisions"}],"predecessor-version":[{"id":21398,"href":"https:\/\/contraluzcucuta.co\/index.php?rest_route=\/wp\/v2\/posts\/21396\/revisions\/21398"}],"wp:featuredmedia":[{"embeddable":true,"href":"https:\/\/contraluzcucuta.co\/index.php?rest_route=\/wp\/v2\/media\/21397"}],"wp:attachment":[{"href":"https:\/\/contraluzcucuta.co\/index.php?rest_route=%2Fwp%2Fv2%2Fmedia&parent=21396"}],"wp:term":[{"taxonomy":"category","embeddable":true,"href":"https:\/\/contraluzcucuta.co\/index.php?rest_route=%2Fwp%2Fv2%2Fcategories&post=21396"},{"taxonomy":"post_tag","embeddable":true,"href":"https:\/\/contraluzcucuta.co\/index.php?rest_route=%2Fwp%2Fv2%2Ftags&post=21396"}],"curies":[{"name":"wp","href":"https:\/\/api.w.org\/{rel}","templated":true}]}}