{"id":21390,"date":"2014-04-22T21:10:26","date_gmt":"2014-04-23T02:10:26","guid":{"rendered":"http:\/\/contraluzcucuta.co\/?p=21390"},"modified":"2014-04-23T23:09:50","modified_gmt":"2014-04-24T04:09:50","slug":"ramiro-tarazona-sufro-porque-en-mi-tierra-el-deporte-anda-mal","status":"publish","type":"post","link":"https:\/\/contraluzcucuta.co\/?p=21390","title":{"rendered":"Ramiro Tarazona. \u201cSufro porque en mi tierra el deporte anda mal\u201d"},"content":{"rendered":"<p><b style=\"line-height: 1.5em;\">C\u00daCUTA.-<\/b><span style=\"line-height: 1.5em;\"> De principio a fin, en la presentaci\u00f3n del libro \u2018Gimnasia Art\u00edstica Nortesantandereana, 1970 \u2013 marzo 2014\u2019, el autor Carlos Ramiro Tarazona critic\u00f3 la falta de respaldo oficial para el deporte en el departamento.<\/span><\/p>\n<p>\u201cEso si me gusta, que el departamento se haya hecho presente\u201d en el acto, fue la primera frase de protesta. Reconoci\u00f3 que la intenci\u00f3n inicial era no escribir nada acerca de la disciplina. \u201cIba a escribir la historia de mi querida profesi\u00f3n\u201d.<\/p>\n<p>Tarazona Gamboa es profesor de educaci\u00f3n f\u00edsica, \u00e1rea \u201colvidada, deca\u00edda y tan abandonada por las autoridades (educativas) municipales y departamentales\u201d. Calific\u00f3 a la educaci\u00f3n f\u00edsica como la madre de los deportes.<\/p>\n<p>Expres\u00f3 tristeza por el estado de abandono al que est\u00e1n sometidos la ni\u00f1ez y la juventud, y golpeadas por el c\u00e1ncer de la drogadicci\u00f3n, carentes de valores y fruto de la desintegraci\u00f3n familiar, debido a la ausencia de pol\u00edticas agresivas del Estado a favor de estas poblaciones.<\/p>\n<p>\u201cEn este momento los profesores de educaci\u00f3n f\u00edsica no tienen con qu\u00e9 trabajar\u201d, denunci\u00f3 ante los directores de los institutos municipal y departamental de deportes. Los educadores \u201cno tienen campos deportivos, no tienen implementaci\u00f3n, no tienen est\u00edmulos, no tienen capacitaci\u00f3n\u201d.<\/p>\n<p>Critic\u00f3 el programa \u2018Sup\u00e9rate\u2019, del Ministerio de Educaci\u00f3n. \u201cDe sup\u00e9rate no tiene nada\u201d. Se pregunt\u00f3 cu\u00e1nto dinero gastan en la organizaci\u00f3n de esos campeonatos. \u201cMe duele mi profesi\u00f3n, abandonada\u201d.<\/p>\n<p>Revel\u00f3 que desde Cali le solicitaron informaci\u00f3n sobre la gimnasia en Norte de Santander. Busc\u00f3 en Indenorte y no encontr\u00f3 nada, y la Liga no tiene archivo. Esa falta de historia lo motiv\u00f3 a escribir el libro. El pr\u00f3logo, \u2018El pap\u00e1 de la gimnasia\u2019, corri\u00f3 por cuenta del periodista deportivo Pedro le\u00f3n J\u00e1uregui.<\/p>\n<p>\u201cSe equivocan todos aquellos que han murmurado por ah\u00ed que estoy haciendo negocio con este libro. Lo voy a obsequiar a todos los que tengan que ver con el deporte. Lo hice con cari\u00f1o, porque soy nortesantandereano\u201d. Ramiro Tarazona naci\u00f3 en Toledo.<\/p>\n<p>\u201cSufro porque en mi tierra el deporte anda mal\u201d, dijo y llam\u00f3 a las otras ligas deportivas para que hagan lo mismo para ver si en el departamento se tiene informaci\u00f3n completa acerca del deporte.<\/p>\n<p>Clam\u00f3 porque alg\u00fan d\u00eda exista en C\u00facuta un lugar que conserve el patrimonio hist\u00f3rico deportivo de Norte de Santander, con una gran biblioteca, donde los deportistas y los cucute\u00f1os encuentren informaci\u00f3n sobre los deportes. En el lugar pueden apreciarse personajes de cada disciplina.<\/p>\n<p>El libro est\u00e1 dividido en 17 cap\u00edtulos entre los que destacan la rese\u00f1a hist\u00f3rica, principales actividades deportivas, medallero por campeonato del 2010, medallero de gimnastas del 2011, novenos Juegos Nacionales, gimnastas que hicieron historia en Norte de Santander, entrenadores, comit\u00e9s, promesas incumplidas y comentarios de personajes. <\/p>\n","protected":false},"excerpt":{"rendered":"<p>C\u00daCUTA.- De principio a fin, en la presentaci\u00f3n del libro \u2018Gimnasia Art\u00edstica Nortesantandereana, 1970 \u2013 marzo 2014\u2019, el autor Carlos Ramiro Tarazona critic\u00f3 la falta de respaldo oficial para el deporte en el departamento. \u201cEso si me gusta, que el departamento se haya hecho presente\u201d en el acto, fue la primera frase de protesta. Reconoci\u00f3 &hellip;<\/p>\n","protected":false},"author":1,"featured_media":21391,"comment_status":"open","ping_status":"open","sticky":false,"template":"","format":"standard","meta":{"footnotes":""},"categories":[28],"tags":[1104,619,1354],"class_list":["post-21390","post","type-post","status-publish","format-standard","has-post-thumbnail","hentry","category-vistazo-deportivo","tag-gimnasia","tag-norte-de-santander","tag-ramiro-tarazona"],"_links":{"self":[{"href":"https:\/\/contraluzcucuta.co\/index.php?rest_route=\/wp\/v2\/posts\/21390","targetHints":{"allow":["GET"]}}],"collection":[{"href":"https:\/\/contraluzcucuta.co\/index.php?rest_route=\/wp\/v2\/posts"}],"about":[{"href":"https:\/\/contraluzcucuta.co\/index.php?rest_route=\/wp\/v2\/types\/post"}],"author":[{"embeddable":true,"href":"https:\/\/contraluzcucuta.co\/index.php?rest_route=\/wp\/v2\/users\/1"}],"replies":[{"embeddable":true,"href":"https:\/\/contraluzcucuta.co\/index.php?rest_route=%2Fwp%2Fv2%2Fcomments&post=21390"}],"version-history":[{"count":1,"href":"https:\/\/contraluzcucuta.co\/index.php?rest_route=\/wp\/v2\/posts\/21390\/revisions"}],"predecessor-version":[{"id":21392,"href":"https:\/\/contraluzcucuta.co\/index.php?rest_route=\/wp\/v2\/posts\/21390\/revisions\/21392"}],"wp:featuredmedia":[{"embeddable":true,"href":"https:\/\/contraluzcucuta.co\/index.php?rest_route=\/wp\/v2\/media\/21391"}],"wp:attachment":[{"href":"https:\/\/contraluzcucuta.co\/index.php?rest_route=%2Fwp%2Fv2%2Fmedia&parent=21390"}],"wp:term":[{"taxonomy":"category","embeddable":true,"href":"https:\/\/contraluzcucuta.co\/index.php?rest_route=%2Fwp%2Fv2%2Fcategories&post=21390"},{"taxonomy":"post_tag","embeddable":true,"href":"https:\/\/contraluzcucuta.co\/index.php?rest_route=%2Fwp%2Fv2%2Ftags&post=21390"}],"curies":[{"name":"wp","href":"https:\/\/api.w.org\/{rel}","templated":true}]}}