{"id":21387,"date":"2014-04-22T19:54:23","date_gmt":"2014-04-23T00:54:23","guid":{"rendered":"http:\/\/contraluzcucuta.co\/?p=21387"},"modified":"2014-04-23T23:10:31","modified_gmt":"2014-04-24T04:10:31","slug":"obispo-de-cucuta-si-garcia-marquez-llevo-una-vida-honesta-se-salvara","status":"publish","type":"post","link":"https:\/\/contraluzcucuta.co\/?p=21387","title":{"rendered":"Obispo de C\u00facuta. \u201cSi Garc\u00eda M\u00e1rquez llev\u00f3 una vida honesta, se salvar\u00e1\u201d"},"content":{"rendered":"<p><b style=\"line-height: 1.5em;\">C\u00daCUTA.-<\/b><span style=\"line-height: 1.5em;\"> El obispo de C\u00facuta, monse\u00f1or Julio C\u00e9sar Vidal Ortiz, dijo que si Gabriel Garc\u00eda M\u00e1rquez, premio nobel de literatura fallecido el 17 de abril, \u201cllev\u00f3 una vida honesta y de ayuda a los dem\u00e1s, se salvar\u00e1\u201d.<\/span><\/p>\n<p>El jerarca cat\u00f3lico presidi\u00f3 en la parroquia Cristo Resucitado la ceremonia de la confirmaci\u00f3n. J\u00f3venes de diferentes barrios de la ciudad recibieron el sacramento, luego de la preparaci\u00f3n recibida desde comienzos de a\u00f1o.<\/p>\n<p>Al recordar a tres famosos muertos en la \u00faltima semana, monse\u00f1or Vidal Ortiz afirm\u00f3 que el escritor Garc\u00eda M\u00e1rquez, el exministro Uriel Gallego y el m\u00fasico Cheo Feliciano, \u201ceran famosos, pero murieron. No est\u00e1n m\u00e1s\u201d.<\/p>\n<p>Inst\u00f3 a los fieles a crecer en la conciencia de la resurrecci\u00f3n de Cristo, porque la caridad cristiana depende del convencimiento que se tenga en torno a ese acontecimiento que se conmemor\u00f3 el 20 de abril.<\/p>\n<p>\u201cSi estoy convencido de que Cristo est\u00e1 vivo y est\u00e1 resucitado no pondr\u00e9 mi confianza en el dinero, ni en la fama, ni en el poder\u201d, se\u00f1al\u00f3 el Obispo de C\u00facuta.<\/p>\n<p>Se pregunt\u00f3 \u00bfde qu\u00e9 le vale de ahora en adelante a Garc\u00eda M\u00e1rquez haber escrito Cien a\u00f1os de soledad, El Coronel no tiene qui\u00e9n le escriba, El Amor en los tiempos del c\u00f3lera y La Hojarasca? Y se respondi\u00f3 que lo que le va es la fe en Cristo. \u201cSi crey\u00f3 en Cristo, lo acogi\u00f3 en su vida y llev\u00f3 una vida honesta y de ayuda a los dem\u00e1s se salvar\u00e1\u201d.<\/p>\n<p>Dijo que aqu\u00ed no vale el dinero que haya acumulado, sino la fe que se traduce en un estilo de vida. \u201cUn cristianos que cree en la resurrecci\u00f3n de Cristo busca tener un comportamiento intachable y busca vivir como Cristo vivi\u00f3. La persona que vive as\u00ed, al final de la vida se encontrar\u00e1 con Cristo\u201d.<\/p>\n<p>Reconoci\u00f3 que en la vida hay que trabajar y hay que progresar. Conmin\u00f3 a los fieles a no poner la confianza en el mundo, porque todo pasa, as\u00ed como \u201ctambi\u00e9n pasa la belleza humana\u201d.<\/p>\n<p>La Iglesia Cat\u00f3lica, luego del tiempo de Cuaresma que acaba de concluir, entr\u00f3 en la etapa de la \u2018cincuentena\u2019, que va desde la resurrecci\u00f3n hasta la celebraci\u00f3n de la venida de Pentecost\u00e9s.<\/p>\n<p>\u201cDesde el pecado de Ad\u00e1n y Eva est\u00e1bamos secuestrados, presos, por satan\u00e1s. Y nadie pod\u00eda pagar lo que satan\u00e1s ped\u00eda por la liberaci\u00f3n. Tuvo el Padre que enviar a su Hijo, como un cordero, para liberarnos\u201d, dijo monse\u00f1or Julio C\u00e9sar Vidal al explicar el misterio de la resurrecci\u00f3n.<\/p>\n<p>&nbsp;<\/p>\n<p>&nbsp; <\/p>\n","protected":false},"excerpt":{"rendered":"<p>C\u00daCUTA.- El obispo de C\u00facuta, monse\u00f1or Julio C\u00e9sar Vidal Ortiz, dijo que si Gabriel Garc\u00eda M\u00e1rquez, premio nobel de literatura fallecido el 17 de abril, \u201cllev\u00f3 una vida honesta y de ayuda a los dem\u00e1s, se salvar\u00e1\u201d. El jerarca cat\u00f3lico presidi\u00f3 en la parroquia Cristo Resucitado la ceremonia de la confirmaci\u00f3n. J\u00f3venes de diferentes barrios &hellip;<\/p>\n","protected":false},"author":1,"featured_media":21388,"comment_status":"open","ping_status":"open","sticky":false,"template":"","format":"standard","meta":{"footnotes":""},"categories":[45,37],"tags":[184,1347,1151,173],"class_list":["post-21387","post","type-post","status-publish","format-standard","has-post-thumbnail","hentry","category-destacado","category-paseo-cultural","tag-gabo","tag-gabriel-garcia-marquez","tag-monsenor-julio-cesar-vidal-ortiz","tag-obispo-de-cucuta"],"_links":{"self":[{"href":"https:\/\/contraluzcucuta.co\/index.php?rest_route=\/wp\/v2\/posts\/21387","targetHints":{"allow":["GET"]}}],"collection":[{"href":"https:\/\/contraluzcucuta.co\/index.php?rest_route=\/wp\/v2\/posts"}],"about":[{"href":"https:\/\/contraluzcucuta.co\/index.php?rest_route=\/wp\/v2\/types\/post"}],"author":[{"embeddable":true,"href":"https:\/\/contraluzcucuta.co\/index.php?rest_route=\/wp\/v2\/users\/1"}],"replies":[{"embeddable":true,"href":"https:\/\/contraluzcucuta.co\/index.php?rest_route=%2Fwp%2Fv2%2Fcomments&post=21387"}],"version-history":[{"count":1,"href":"https:\/\/contraluzcucuta.co\/index.php?rest_route=\/wp\/v2\/posts\/21387\/revisions"}],"predecessor-version":[{"id":21389,"href":"https:\/\/contraluzcucuta.co\/index.php?rest_route=\/wp\/v2\/posts\/21387\/revisions\/21389"}],"wp:featuredmedia":[{"embeddable":true,"href":"https:\/\/contraluzcucuta.co\/index.php?rest_route=\/wp\/v2\/media\/21388"}],"wp:attachment":[{"href":"https:\/\/contraluzcucuta.co\/index.php?rest_route=%2Fwp%2Fv2%2Fmedia&parent=21387"}],"wp:term":[{"taxonomy":"category","embeddable":true,"href":"https:\/\/contraluzcucuta.co\/index.php?rest_route=%2Fwp%2Fv2%2Fcategories&post=21387"},{"taxonomy":"post_tag","embeddable":true,"href":"https:\/\/contraluzcucuta.co\/index.php?rest_route=%2Fwp%2Fv2%2Ftags&post=21387"}],"curies":[{"name":"wp","href":"https:\/\/api.w.org\/{rel}","templated":true}]}}