{"id":21383,"date":"2014-04-21T22:39:56","date_gmt":"2014-04-22T03:39:56","guid":{"rendered":"http:\/\/contraluzcucuta.co\/?p=21383"},"modified":"2014-04-22T22:40:27","modified_gmt":"2014-04-23T03:40:27","slug":"semana-del-libro-y-la-lectura-un-motivo-mas-para-leer","status":"publish","type":"post","link":"https:\/\/contraluzcucuta.co\/?p=21383","title":{"rendered":"Semana del Libro y la Lectura. Un motivo m\u00e1s para leer"},"content":{"rendered":"<p><b style=\"line-height: 1.5em;\">C\u00daCUTA.-<\/b><span style=\"line-height: 1.5em;\"> La Red Municipal contin\u00faa con las actividades masivas de promoci\u00f3n de lectura. La Semana del Libro y la Lectura se desarrollar\u00e1, del 21 al 26 de abril, con acompa\u00f1amiento de la biblioexpress, la bibliorueda y los promotores de lectura, encargados de amenizar las actividades.<\/span><\/p>\n<p>En la celebraci\u00f3n se har\u00e1 un homenaje p\u00f3stumo a Gabriel Garc\u00eda M\u00e1rquez, mediante el cine club y los foros que narrar\u00e1n la historia del premio Nobel de Literatura.<\/p>\n<p>Las actividades finalizar\u00e1n el 30 de abril, con las tomas de lectura al parque en las diferentes instituciones.<\/p>\n<p><b>21 de abril. <\/b><\/p>\n<p>Mega Colegio el Bicentenario- Barrio Antonia Santos &#8211; Salida Biblioteca P\u00fablica 6:30 am<\/p>\n<p>Sala de lectura Colegio Misael Pastrana Borrero<\/p>\n<p>Sala de lectura Colegio Gremios Unidos- Sede Sim\u00f3n Bol\u00edvar.<\/p>\n<p>Sala de lectura Colegio Pablo Correa Le\u00f3n<\/p>\n<p>Sala de Lectura Colegio Departamental Integrado Juan Atalaya<\/p>\n<p>Sala de Lectura Colegio Nuestra Se\u00f1ora de Bel\u00e9n<\/p>\n<p>Sala de Lectura Colegio Eustorgio Baptista<\/p>\n<p>Biblioteca P\u00fablica Nuestra Se\u00f1ora de Bel\u00e9n<\/p>\n<p><b>\u00a0<\/b><\/p>\n<p><b>22 de abril<\/b><\/p>\n<p>Colegio Comfanorte<\/p>\n<p>Colegio Sagrado Coraz\u00f3n de Jes\u00fas<\/p>\n<p>Biblioteca P\u00fablica Monse\u00f1or Luis P\u00e9rez\u00a0 Hern\u00e1ndez<\/p>\n<p>Biblioteca P\u00fablica Sim\u00f3n Bol\u00edvar<\/p>\n<p>Biblioteca P\u00fablica Nuestra Se\u00f1ora de Bel\u00e9n<\/p>\n<p>Biblioteca P\u00fablica Corregimiento Carmen de Tonchal\u00e1<\/p>\n<p>Colegio Comfanorte<\/p>\n<p><b>\u00a0<\/b><\/p>\n<p><b>23 de abril<\/b><\/p>\n<p>Sala de Lectura Colegio Mar\u00eda Concepci\u00f3n Loperena CASD<\/p>\n<p>Sala de lectura Colegio Gremios Unidos- Sede Sim\u00f3n Bol\u00edvar.<\/p>\n<p>Sala de lectura Colegio Pablo Correa Le\u00f3n<\/p>\n<p>Sala de Lectura Colegio Departamental Integrado Juan Atalaya<\/p>\n<p>Sala de Lectura Colegio Nuestra Se\u00f1ora de Bel\u00e9n<\/p>\n<p>Sala de lectura Colegio Misael Pastrana Borrero<\/p>\n<p>Sala de Lectura Colegio Eustorgio Baptista<\/p>\n<p>Biblioteca P\u00fablica Monse\u00f1or Luis P\u00e9rez Hern\u00e1ndez<\/p>\n<p>Biblioteca p\u00fablica Sim\u00f3n Bol\u00edvar<\/p>\n<p>Biblioteca P\u00fablica Nuestra Se\u00f1ora de Bel\u00e9n<\/p>\n<p>Biblioteca P\u00fablica Corregimiento Carmen de Tonchal\u00e1<\/p>\n<p>CIAF de la Libertad<\/p>\n<p>&nbsp;<\/p>\n<p><b>24 de abril<\/b><\/p>\n<p>Mega Colegio el Bicentenario- Barrio Antonia Santos &#8211; Salida Biblioteca P\u00fablica 6:30 am<\/p>\n<p>Biblioteca P\u00fablica Monse\u00f1or Luis P\u00e9rez\u00a0 Hern\u00e1ndez<\/p>\n<p>Biblioteca P\u00fablica Sim\u00f3n Bol\u00edvar<\/p>\n<p>Biblioteca P\u00fablica Nuestra Se\u00f1ora de Bel\u00e9n<\/p>\n<p>Biblioteca P\u00fablica Corregimiento Carmen de Tonchala<\/p>\n<p>CIAF de Ceci<\/p>\n<p><b>\u00a0<\/b><\/p>\n<p><b>25 de abril<\/b><\/p>\n<p>Biblioteca P\u00fablica Julio P\u00e9rez Ferrero<\/p>\n<p>Aguas Kpital<\/p>\n<p>Centro de Convivencia Ciudadana<\/p>\n<p><b>\u00a0<\/b><\/p>\n<p><b>26 de abril<\/b><\/p>\n<p>Biblioteca P\u00fablica Nuestra Se\u00f1ora de Bel\u00e9n<\/p>\n<p><b>\u00a0<\/b><\/p>\n<p><b>28 de abril<\/b><\/p>\n<p>Barrio Aeropuerto<\/p>\n<p>Cancha Ballester<\/p>\n<p><b>\u00a0<\/b><\/p>\n<p><b>29 de abril<\/b><\/p>\n<p>Biblioteca Bel\u00e9n<\/p>\n<p><b>\u00a0<\/b><\/p>\n<p><b>30 de abril<\/b><\/p>\n<p>Biblioteca Sim\u00f3n Bol\u00edvar<\/p>\n<p>&nbsp; <\/p>\n","protected":false},"excerpt":{"rendered":"<p>C\u00daCUTA.- La Red Municipal contin\u00faa con las actividades masivas de promoci\u00f3n de lectura. La Semana del Libro y la Lectura se desarrollar\u00e1, del 21 al 26 de abril, con acompa\u00f1amiento de la biblioexpress, la bibliorueda y los promotores de lectura, encargados de amenizar las actividades. En la celebraci\u00f3n se har\u00e1 un homenaje p\u00f3stumo a Gabriel &hellip;<\/p>\n","protected":false},"author":1,"featured_media":21384,"comment_status":"open","ping_status":"open","sticky":false,"template":"","format":"standard","meta":{"footnotes":""},"categories":[6,37],"tags":[184,1353],"class_list":["post-21383","post","type-post","status-publish","format-standard","has-post-thumbnail","hentry","category-ojo-avizor","category-paseo-cultural","tag-gabo","tag-semana-de-la-lectura"],"_links":{"self":[{"href":"https:\/\/contraluzcucuta.co\/index.php?rest_route=\/wp\/v2\/posts\/21383","targetHints":{"allow":["GET"]}}],"collection":[{"href":"https:\/\/contraluzcucuta.co\/index.php?rest_route=\/wp\/v2\/posts"}],"about":[{"href":"https:\/\/contraluzcucuta.co\/index.php?rest_route=\/wp\/v2\/types\/post"}],"author":[{"embeddable":true,"href":"https:\/\/contraluzcucuta.co\/index.php?rest_route=\/wp\/v2\/users\/1"}],"replies":[{"embeddable":true,"href":"https:\/\/contraluzcucuta.co\/index.php?rest_route=%2Fwp%2Fv2%2Fcomments&post=21383"}],"version-history":[{"count":2,"href":"https:\/\/contraluzcucuta.co\/index.php?rest_route=\/wp\/v2\/posts\/21383\/revisions"}],"predecessor-version":[{"id":21386,"href":"https:\/\/contraluzcucuta.co\/index.php?rest_route=\/wp\/v2\/posts\/21383\/revisions\/21386"}],"wp:featuredmedia":[{"embeddable":true,"href":"https:\/\/contraluzcucuta.co\/index.php?rest_route=\/wp\/v2\/media\/21384"}],"wp:attachment":[{"href":"https:\/\/contraluzcucuta.co\/index.php?rest_route=%2Fwp%2Fv2%2Fmedia&parent=21383"}],"wp:term":[{"taxonomy":"category","embeddable":true,"href":"https:\/\/contraluzcucuta.co\/index.php?rest_route=%2Fwp%2Fv2%2Fcategories&post=21383"},{"taxonomy":"post_tag","embeddable":true,"href":"https:\/\/contraluzcucuta.co\/index.php?rest_route=%2Fwp%2Fv2%2Ftags&post=21383"}],"curies":[{"name":"wp","href":"https:\/\/api.w.org\/{rel}","templated":true}]}}