{"id":21377,"date":"2014-04-21T21:57:25","date_gmt":"2014-04-22T02:57:25","guid":{"rendered":"http:\/\/contraluzcucuta.co\/?p=21377"},"modified":"2014-04-21T21:57:25","modified_gmt":"2014-04-22T02:57:25","slug":"jugadores-del-cucuta-deportivo-le-ponen-fe-y-alegria-a-la-causa-motilona","status":"publish","type":"post","link":"https:\/\/contraluzcucuta.co\/?p=21377","title":{"rendered":"Jugadores del C\u00facuta Deportivo le ponen \u2018Fe y Alegr\u00eda\u2019 a la causa motilona"},"content":{"rendered":"<p><b style=\"line-height: 1.5em;\">C\u00daCUTA.-<\/b><span style=\"line-height: 1.5em;\"> Los jugadores del C\u00facuta Deportivo, adem\u00e1s de cumplir con las obligaciones en el torneo del f\u00fatbol colombiano, dedican tiempo a las actividades de integraci\u00f3n con ni\u00f1os de la zona de frontera.<\/span><\/p>\n<p>Ochenta ni\u00f1os tuvieron la fortuna de compartir con miembros del elenco motil\u00f3n, \u00a0en desarrollo de una actividad de amor por el deporte. La Polic\u00eda Metropolitana se uni\u00f3 a la jornada para \u00a0fortalecer el apoyo al equipo Motil\u00f3n.<\/p>\n<p>La actividad interinstitucional se cumpli\u00f3 en el estadio General Santander con alumnos del colegio Fe y Alegr\u00eda (Los Patios), del grado transici\u00f3n. El objetivo es fortalecer los buenos h\u00e1bitos, teniendo como referente el once motil\u00f3n.<\/p>\n<p>Agentes, jugadores y el cuerpo t\u00e9cnico, encabezado por el estratega H\u00e9ctor Estrada, compartieron conocimientos con los ni\u00f1os. Los peque\u00f1os escucharon experiencias desde que comenzaron la pr\u00e1ctica del f\u00fatbol, el aporte y la importancia en el desarrollo personal.<\/p>\n<p>En la jornada matutina, los alumnos aprovecharon el tiempo de descanso para conocer como a diario los jugadores llevan a cabo los entrenamientos en el estadio General Santander de C\u00facuta.<\/p>\n<p>Los invitados de honor recorrieron la gramilla y los camerinos del escenario deportivo, y el bus en el que los jugadores recorren el pa\u00eds para asistir a los \u00a0encuentros del torneo de segunda divisi\u00f3n.<\/p>\n<p>&nbsp; <\/p>\n","protected":false},"excerpt":{"rendered":"<p>C\u00daCUTA.- Los jugadores del C\u00facuta Deportivo, adem\u00e1s de cumplir con las obligaciones en el torneo del f\u00fatbol colombiano, dedican tiempo a las actividades de integraci\u00f3n con ni\u00f1os de la zona de frontera. Ochenta ni\u00f1os tuvieron la fortuna de compartir con miembros del elenco motil\u00f3n, \u00a0en desarrollo de una actividad de amor por el deporte. La &hellip;<\/p>\n","protected":false},"author":1,"featured_media":21378,"comment_status":"open","ping_status":"open","sticky":false,"template":"","format":"standard","meta":{"footnotes":""},"categories":[28],"tags":[1352,1086,1166],"class_list":["post-21377","post","type-post","status-publish","format-standard","has-post-thumbnail","hentry","category-vistazo-deportivo","tag-colegio-fe-y-alegria","tag-cucuta-deportivo-2014","tag-estadio-general-santander"],"_links":{"self":[{"href":"https:\/\/contraluzcucuta.co\/index.php?rest_route=\/wp\/v2\/posts\/21377","targetHints":{"allow":["GET"]}}],"collection":[{"href":"https:\/\/contraluzcucuta.co\/index.php?rest_route=\/wp\/v2\/posts"}],"about":[{"href":"https:\/\/contraluzcucuta.co\/index.php?rest_route=\/wp\/v2\/types\/post"}],"author":[{"embeddable":true,"href":"https:\/\/contraluzcucuta.co\/index.php?rest_route=\/wp\/v2\/users\/1"}],"replies":[{"embeddable":true,"href":"https:\/\/contraluzcucuta.co\/index.php?rest_route=%2Fwp%2Fv2%2Fcomments&post=21377"}],"version-history":[{"count":1,"href":"https:\/\/contraluzcucuta.co\/index.php?rest_route=\/wp\/v2\/posts\/21377\/revisions"}],"predecessor-version":[{"id":21379,"href":"https:\/\/contraluzcucuta.co\/index.php?rest_route=\/wp\/v2\/posts\/21377\/revisions\/21379"}],"wp:featuredmedia":[{"embeddable":true,"href":"https:\/\/contraluzcucuta.co\/index.php?rest_route=\/wp\/v2\/media\/21378"}],"wp:attachment":[{"href":"https:\/\/contraluzcucuta.co\/index.php?rest_route=%2Fwp%2Fv2%2Fmedia&parent=21377"}],"wp:term":[{"taxonomy":"category","embeddable":true,"href":"https:\/\/contraluzcucuta.co\/index.php?rest_route=%2Fwp%2Fv2%2Fcategories&post=21377"},{"taxonomy":"post_tag","embeddable":true,"href":"https:\/\/contraluzcucuta.co\/index.php?rest_route=%2Fwp%2Fv2%2Ftags&post=21377"}],"curies":[{"name":"wp","href":"https:\/\/api.w.org\/{rel}","templated":true}]}}