{"id":21357,"date":"2014-04-17T11:11:04","date_gmt":"2014-04-17T16:11:04","guid":{"rendered":"http:\/\/contraluzcucuta.co\/?p=21357"},"modified":"2014-04-17T11:11:04","modified_gmt":"2014-04-17T16:11:04","slug":"viernes-santo-primer-dia-sin-carro-en-el-2014-en-cucuta","status":"publish","type":"post","link":"https:\/\/contraluzcucuta.co\/?p=21357","title":{"rendered":"VIERNES SANTO. Primer d\u00eda sin carro, en el 2014, en C\u00facuta"},"content":{"rendered":"<p><b style=\"line-height: 1.5em;\">C\u00daCUTA.-<\/b><span style=\"line-height: 1.5em;\"> En el 2014, habr\u00e1 tres d\u00edas sin carro. El primero se cumplir\u00e1 este 18 de abril (Viernes Santo). El segundo, en la semana de receso estudiantil (8 de octubre). El tercero, el D\u00eda de los Ni\u00f1os (31 de octubre).<\/span><\/p>\n<p>La idea del Viernes Santo a pie es permitir el acompa\u00f1amiento a los viacrucis, en los 100 templos cat\u00f3licos del municipio. Millares de feligreses participan en los recorridos que recuerdan \u00a0las 14 estaciones del camino al calvario.<\/p>\n<p>Los infractores de la norma ser\u00e1n sancionados con comparendos. El compromiso de los cucute\u00f1os es respetar un d\u00eda sin carro, con el objetivo de preservar y cuidar el medio ambiente.<\/p>\n<p>El horario establecido es de 8:00 de la ma\u00f1ana a 1:00 de la tarde. Habr\u00e1 servicio p\u00fablico y taxi. Antes de las 8:00 de la ma\u00f1ana, se podr\u00e1 salir del municipio o circular alrededor por el anillo vial. Si viene por Pinar del R\u00edo tomar\u00e1 el sector de Santa Rosa de Lima, si transita por El Zulia se desplazar\u00e1 por el Anillo Vial Occidental.<\/p>\n<p>Veinticinco mil viajeros\u00a0 han salido de la Terminal de Trasportes, desde\u00a0 11 de abril, en los 2767 veh\u00edculos disponibles para cubrir rutas municipales, departamentales y nacionales. El operativo de Semana Santa avanza con normalidad en el puerto terrestre.<\/p>\n<p>En coordinaci\u00f3n con la Polic\u00eda Nacional y funcionarios de la Central se adelantan acciones para permitir que los pasajeros compren los tiquetes directamente en las taquillas de las empresas, \u00a0el cuidado del equipaje y el uso las casas de cambio\u00a0 de moneda extranjera para evitar estafas y robos.<\/p>\n<p>Los\u00a0 conductores antes de cumplir cualquier\u00a0 itinerario son sometidos a ex\u00e1menes de alcoholemia y f\u00edsicos. Los veh\u00edculos reciben\u00a0 revisi\u00f3n t\u00e9cnico- mec\u00e1nica para garantizar un viaje c\u00f3modo y seguro.<\/p>\n<p>Los destinos nacionales preferidos por los viajeros son la Costa Atl\u00e1ntica, Bogot\u00e1, Medell\u00edn y\u00a0 Cali. En\u00a0 Norte de Santander, Oca\u00f1a, Pamplona, Bochalema, Chin\u00e1cota y Salazar de las Palmas. En Venezuela, los estados T\u00e1chira y M\u00e9rida.<\/p>\n<p>El Viernes Santo la Terminal no abrir\u00e1 las puertas. El s\u00e1bado, el servicio ser\u00e1 normal desde las primeras horas de d\u00eda.<\/p>\n<p>Foto. MARCO S\u00daA<\/p>\n<p>&nbsp; <\/p>\n","protected":false},"excerpt":{"rendered":"<p>C\u00daCUTA.- En el 2014, habr\u00e1 tres d\u00edas sin carro. El primero se cumplir\u00e1 este 18 de abril (Viernes Santo). El segundo, en la semana de receso estudiantil (8 de octubre). El tercero, el D\u00eda de los Ni\u00f1os (31 de octubre). La idea del Viernes Santo a pie es permitir el acompa\u00f1amiento a los viacrucis, en &hellip;<\/p>\n","protected":false},"author":1,"featured_media":21358,"comment_status":"open","ping_status":"open","sticky":false,"template":"","format":"standard","meta":{"footnotes":""},"categories":[541,4],"tags":[1015,1346,1345],"class_list":["post-21357","post","type-post","status-publish","format-standard","has-post-thumbnail","hentry","category-ciudad","category-barra","tag-dia-sin-carro-en-cucuta","tag-la-gazapa","tag-puente-enrique-cuadros"],"_links":{"self":[{"href":"https:\/\/contraluzcucuta.co\/index.php?rest_route=\/wp\/v2\/posts\/21357","targetHints":{"allow":["GET"]}}],"collection":[{"href":"https:\/\/contraluzcucuta.co\/index.php?rest_route=\/wp\/v2\/posts"}],"about":[{"href":"https:\/\/contraluzcucuta.co\/index.php?rest_route=\/wp\/v2\/types\/post"}],"author":[{"embeddable":true,"href":"https:\/\/contraluzcucuta.co\/index.php?rest_route=\/wp\/v2\/users\/1"}],"replies":[{"embeddable":true,"href":"https:\/\/contraluzcucuta.co\/index.php?rest_route=%2Fwp%2Fv2%2Fcomments&post=21357"}],"version-history":[{"count":1,"href":"https:\/\/contraluzcucuta.co\/index.php?rest_route=\/wp\/v2\/posts\/21357\/revisions"}],"predecessor-version":[{"id":21359,"href":"https:\/\/contraluzcucuta.co\/index.php?rest_route=\/wp\/v2\/posts\/21357\/revisions\/21359"}],"wp:featuredmedia":[{"embeddable":true,"href":"https:\/\/contraluzcucuta.co\/index.php?rest_route=\/wp\/v2\/media\/21358"}],"wp:attachment":[{"href":"https:\/\/contraluzcucuta.co\/index.php?rest_route=%2Fwp%2Fv2%2Fmedia&parent=21357"}],"wp:term":[{"taxonomy":"category","embeddable":true,"href":"https:\/\/contraluzcucuta.co\/index.php?rest_route=%2Fwp%2Fv2%2Fcategories&post=21357"},{"taxonomy":"post_tag","embeddable":true,"href":"https:\/\/contraluzcucuta.co\/index.php?rest_route=%2Fwp%2Fv2%2Ftags&post=21357"}],"curies":[{"name":"wp","href":"https:\/\/api.w.org\/{rel}","templated":true}]}}