{"id":21323,"date":"2014-04-15T21:58:56","date_gmt":"2014-04-16T02:58:56","guid":{"rendered":"http:\/\/contraluzcucuta.co\/?p=21323"},"modified":"2014-04-17T11:41:05","modified_gmt":"2014-04-17T16:41:05","slug":"crisis-en-venezuela-trincheras-de-libertad","status":"publish","type":"post","link":"https:\/\/contraluzcucuta.co\/?p=21323","title":{"rendered":"CRISIS EN VENEZUELA. Trincheras de libertad"},"content":{"rendered":"<p><b style=\"line-height: 1.5em;\">SAN CRIST\u00d3BAL \u2013 Venezuela.-<\/b><span style=\"line-height: 1.5em;\"> \u00a0En\u00a0 la Ciudad de la Cordialidad, San Crist\u00f3bal, y, en\u00a0 la Ciudad de los Caballeros, M\u00e9rida, pobladas por gente honesta y trabajadora, amante de la paz, con motivos suficientes para protestar y elevar su voz de malestar, ahogada por m\u00faltiples problemas, los gobiernos nacional y regional han querido silenciar el descontento a fuerza de represi\u00f3n, uso indiscriminado de las armas, hostigamiento,\u00a0 tortura, privaci\u00f3n y encarcelamiento de quienes, decididamente, a costa de su vida, han salido a la calle a protestar, con lo que se\u00a0 han montado sobre sus\u00a0 hombros\u00a0 el malestar y descontento\u00a0 de la poblaci\u00f3n, de la casi totalidad del pa\u00eds.<\/span><\/p>\n<p>San Crist\u00f3bal y M\u00e9rida han sido tomadas por un ej\u00e9rcito de ocupaci\u00f3n, el cual est\u00e1 integrado, para mayor malestar, por componentes militares cubanos, es decir, una fuerza militar extranjera que avasalla la patria de Bol\u00edvar, tra\u00edda por los gobiernos nacional y regional, aut\u00e9ntico acto o delito de traici\u00f3n a la patria, el cual el Gobierno endilga a otros, como remordimiento de conciencia. Este ej\u00e9rcito ametralla a la poblaci\u00f3n, la castiga inmisericordemente, y, ante tales hechos, aspira a que la poblaci\u00f3n aguante sumisamente.<\/p>\n<p>El Gobierno se ha equivocado de banda a banda. Lo que naci\u00f3, localmente,\u00a0 como una manifestaci\u00f3n de protesta estudiantil ante la inseguridad que se vive en Venezuela y en las universidades nacionales, se ha extendido, como p\u00f3lvora, a lo largo y ancho del pa\u00eds. En la actualidad, es todo un movimiento de protesta\u00a0 ciudadana por los cientos de males que aquejan a los venezolanos y la incapacidad de los gobernantes para asumirlos y buscarles soluci\u00f3n.<\/p>\n<p>El Gobierno, sin duda, desconoce la historia venezolana, o, por el contrario, la conoce muy bien y tiene temor de que\u00a0 algunos acontecimientos se repitan.\u00a0 T\u00e1chira y M\u00e9rida han escrito p\u00e1ginas heroicas en la historia de Venezuela. Por las venas de los tachirenses y los meride\u00f1os corre sangre\u00a0 ind\u00edgena y comunera, sangre libertaria. En sus territorios se dieron importantes batallas y, en M\u00e9rida, Sim\u00f3n Bol\u00edvar, recibe, por primera vez, el t\u00edtulo de Libertador. Por consiguiente, es gente de paz, pero que no teme a la guerra, raz\u00f3n por la que el Gobierno se ha encontrado en estos pueblos con un bloque o frente de resistencia. Lo \u00fanico que le ha faltado al Gobierno para acabar con este foco de resistencia, es bombardear a la poblaci\u00f3n y sus intentos\u00a0 para producir miedo y temor, los ha efectuado\u00a0 con el sobrevuelo de aviones militares.<\/p>\n<p>Existen innumerables\u00a0 formas de resistencia pac\u00edfica. Los estudiantes, inteligentes, sin duda, las est\u00e1n poniendo en pr\u00e1ctica. Venezuela est\u00e1 colmada de obst\u00e1culos y de barreras pol\u00edticas, sociales, jur\u00eddicas, administrativas, sociales y culturales y, al parecer, estas pasan con gran indiferencia. Lo que preocupa a algunos sectores son\u00a0 las llamadas barricadas, que, el Gobierno califica de \u2018guarimbas\u2019,\u00a0 las cuales, a todo evento, constituyen\u00a0 formas\u00a0 de protesta ciudadana. Impiden,\u00a0\u00a0 ciertamente, el libre tr\u00e1nsito y causan molestias en la poblaci\u00f3n; pero hay que entender que son medios de lucha y de resistencia, adquieren el car\u00e1cter de medios de defensa y protecci\u00f3n de los manifestantes ante la arremetida militar y policial, con todo un equipamiento de guerra, destructor de todo lo que consigue a\u00a0 su paso, incluyendo, vidas humanas.<\/p>\n<p>Las mal llamadas \u2018guarimbas\u2019 son, verdaderamente,\u00a0 trincheras y, las mismas,\u00a0 son espacios de protecci\u00f3n, similares a las que a diario construyen las fuerzas militares y policiales. Pero estas trincheras de la poblaci\u00f3n no son para alimentar la guerra y las\u00a0\u00a0 ansias de matar; por el contrario, son\u00a0 zonas, campos o espacios que buscan y propician la libertad de un pueblo subyugado. Bajo este concepto debe entenderse el uso de\u00a0 trincheras,\u00a0 por lo que resulta absurdo que se inculpe y destituya a alcaldes por no evitar su instalaci\u00f3n.<\/p>\n<p>Si el Gobierno piensa que es f\u00e1cil acabar con la resistencia de un pueblo decidido a luchar por la libertad, el pueblo\u00a0 cuenta con m\u00e1s potencial b\u00e9lico que un Alcalde\u00a0 para impedirlo, por qu\u00e9\u00a0 no lo hace, simplemente, porque no puede, porque\u00a0 el sentimiento libertario es m\u00e1s fuerte que las balas. Las trincheras respiran libertad.<\/p>\n<p><b>ABSAL\u00d3N M\u00c9NDEZ CEGARRA<\/b><\/p>\n<p><b>\u00a0<\/b><\/p>\n<p>&nbsp; <\/p>\n","protected":false},"excerpt":{"rendered":"<p>SAN CRIST\u00d3BAL \u2013 Venezuela.- \u00a0En\u00a0 la Ciudad de la Cordialidad, San Crist\u00f3bal, y, en\u00a0 la Ciudad de los Caballeros, M\u00e9rida, pobladas por gente honesta y trabajadora, amante de la paz, con motivos suficientes para protestar y elevar su voz de malestar, ahogada por m\u00faltiples problemas, los gobiernos nacional y regional han querido silenciar el descontento &hellip;<\/p>\n","protected":false},"author":1,"featured_media":21325,"comment_status":"open","ping_status":"open","sticky":false,"template":"","format":"standard","meta":{"footnotes":""},"categories":[1326,45],"tags":[1164,1313],"class_list":["post-21323","post","type-post","status-publish","format-standard","has-post-thumbnail","hentry","category-crisis-en-venezuela-2","category-destacado","tag-crisis-en-venezuela","tag-san-cristobal"],"_links":{"self":[{"href":"https:\/\/contraluzcucuta.co\/index.php?rest_route=\/wp\/v2\/posts\/21323","targetHints":{"allow":["GET"]}}],"collection":[{"href":"https:\/\/contraluzcucuta.co\/index.php?rest_route=\/wp\/v2\/posts"}],"about":[{"href":"https:\/\/contraluzcucuta.co\/index.php?rest_route=\/wp\/v2\/types\/post"}],"author":[{"embeddable":true,"href":"https:\/\/contraluzcucuta.co\/index.php?rest_route=\/wp\/v2\/users\/1"}],"replies":[{"embeddable":true,"href":"https:\/\/contraluzcucuta.co\/index.php?rest_route=%2Fwp%2Fv2%2Fcomments&post=21323"}],"version-history":[{"count":1,"href":"https:\/\/contraluzcucuta.co\/index.php?rest_route=\/wp\/v2\/posts\/21323\/revisions"}],"predecessor-version":[{"id":21326,"href":"https:\/\/contraluzcucuta.co\/index.php?rest_route=\/wp\/v2\/posts\/21323\/revisions\/21326"}],"wp:featuredmedia":[{"embeddable":true,"href":"https:\/\/contraluzcucuta.co\/index.php?rest_route=\/wp\/v2\/media\/21325"}],"wp:attachment":[{"href":"https:\/\/contraluzcucuta.co\/index.php?rest_route=%2Fwp%2Fv2%2Fmedia&parent=21323"}],"wp:term":[{"taxonomy":"category","embeddable":true,"href":"https:\/\/contraluzcucuta.co\/index.php?rest_route=%2Fwp%2Fv2%2Fcategories&post=21323"},{"taxonomy":"post_tag","embeddable":true,"href":"https:\/\/contraluzcucuta.co\/index.php?rest_route=%2Fwp%2Fv2%2Ftags&post=21323"}],"curies":[{"name":"wp","href":"https:\/\/api.w.org\/{rel}","templated":true}]}}