{"id":21317,"date":"2014-04-13T21:23:01","date_gmt":"2014-04-14T02:23:01","guid":{"rendered":"http:\/\/contraluzcucuta.co\/?p=21317"},"modified":"2014-04-15T23:35:59","modified_gmt":"2014-04-16T04:35:59","slug":"el-catatumbo-procurador-ataca-expresidente-samper-se-defiende","status":"publish","type":"post","link":"https:\/\/contraluzcucuta.co\/?p=21317","title":{"rendered":"EL CATATUMBO. Procurador ataca, expresidente Samper se defiende"},"content":{"rendered":"<p><b style=\"line-height: 1.5em;\">C\u00daCUTA.-<\/b><span style=\"line-height: 1.5em;\"> Es inaceptable que los interesados en que no haya zona de reserva en El Catatumbo, por razones ideol\u00f3gicas o econ\u00f3micas, acudan a enfrentar a dos comunidades unidas por la tierra, como son los campesinos y los ind\u00edgenas motil\u00f3n bar\u00ed.<\/span><\/p>\n<p>La apreciaci\u00f3n la hizo el expresidente Ernesto Samper, garante de los di\u00e1logos con las comunidades comprometidas en el paro del 2013, que dur\u00f3 53 d\u00edas y afect\u00f3 la econom\u00eda de la regi\u00f3n.<\/p>\n<p>Los acuerdos que permitieron superar la movilizaci\u00f3n de los labriegos estaban basados en tres puntos:<\/p>\n<p>1.- Aprobaci\u00f3n de la zona de reserva campesina. La han venido buscando los campesinos hace muchos a\u00f1os. No de ahora.<\/p>\n<p>2.- Proceso de sustituci\u00f3n social de cultivos.<\/p>\n<p>3.- Programa de inversi\u00f3n social y en v\u00edas terciarias.<\/p>\n<p>\u201cEl programa se ha venido cumpliendo adecuadamente\u201d, dijo el exgobernante en di\u00e1logo con <a href=\"http:\/\/www.ustream.tv\/channel\/radiosanjose%E2%80%8E\">Luces de la Ciudad, de radio San Jos\u00e9<\/a>. Se lament\u00f3 porque, en d\u00edas pasados, cuando el Incoder se preparaba para aprobar la zona de reserva campesina, despu\u00e9s de un tr\u00e1mite de m\u00e1s de dos a\u00f1os, el procurador Alejandro Ord\u00f3\u00f1ez envi\u00f3 un control de advertencia.<\/p>\n<p>En el documento, el jefe del Ministerio P\u00fablico se\u00f1al\u00f3 que no se reconocieron los derechos de la comunidad bar\u00ed, y que tampoco se ha esperado a que salga un fallo de la Corte Constitucional.<\/p>\n<p>Samper Pizano dijo que \u201clas dos observaciones del Procurador son improcedentes\u201d. Explic\u00f3 que existe una certificaci\u00f3n del Ministerio del Interior que dice que en la zona que se pretende de reserva no hay presencia de comunidades \u00e9tnicas.<\/p>\n<p>\u201cNo se pueden condicionar las acciones del Estado a supuestas declaratorias de inconstitucionalidad de la Corte, que podr\u00edan tardar a\u00f1os. Esto es un procedimiento irregular\u201d, afirm\u00f3 el expresidente, y calific\u00f3 la actitud de Ordo\u00f1ez como \u201cun torpedo al proceso de paz\u201d, en una de cuyas partes est\u00e1 El Catatumbo.<\/p>\n<p>La zona de reserva es una aspiraci\u00f3n de los campesinos que les da la posibilidad de tener autonom\u00eda econ\u00f3mica y administrativa. \u201cNo es, como se ha dicho, que excluya la presencia militar\u201d. Al contrario, fueron creadas para que el Estado enfatice la presencia social en aquellas \u00e1reas de violencia adonde no llegaba el Ej\u00e9rcito.<\/p>\n<p>\u201cLa zona se justifica plenamente. No tiene sentido que en este momento la Procuradur\u00eda venga a obstaculizar un proceso que ha trascurrido normalmente sin que nadie dijera nada\u201d, agreg\u00f3 Ernesto Samper. Dijo que le duele mucho que los intereses que hay detr\u00e1s del hundimiento de la zona de reserva campesina utilicen el enfrentamiento entre dos comunidades pobres y necesitadas, como son los campesinos y los ind\u00edgenas motil\u00f3n bar\u00ed, para justificar que no avance el proyecto que les sirve a todos.<\/p>\n<p>\u201cLos ind\u00edgenas tienen reconocidas sus tierras. Es probable que haya un pedazo de la zona de reserva que pueda comprometer su presencia \u00e9tnica, pero eso se puede arreglar por medio de la figura de la sustracci\u00f3n de tierras, reduci\u00e9ndolas para que se adec\u00faen a la distribuci\u00f3n \u00e9tnica de la comunidad\u201d, concluy\u00f3 el expresidente Samper la defensa al trabajo cumplido durante largas horas con los voceros de los campesinos y del Gobierno, y los dem\u00e1s garantes del proceso.<\/p>\n<p>&nbsp; <\/p>\n","protected":false},"excerpt":{"rendered":"<p>C\u00daCUTA.- Es inaceptable que los interesados en que no haya zona de reserva en El Catatumbo, por razones ideol\u00f3gicas o econ\u00f3micas, acudan a enfrentar a dos comunidades unidas por la tierra, como son los campesinos y los ind\u00edgenas motil\u00f3n bar\u00ed. La apreciaci\u00f3n la hizo el expresidente Ernesto Samper, garante de los di\u00e1logos con las comunidades &hellip;<\/p>\n","protected":false},"author":1,"featured_media":21315,"comment_status":"open","ping_status":"open","sticky":false,"template":"","format":"standard","meta":{"footnotes":""},"categories":[556,6],"tags":[878,1330,402],"class_list":["post-21317","post","type-post","status-publish","format-standard","has-post-thumbnail","hentry","category-departamento","category-ojo-avizor","tag-crisis-de-el-catatumbo","tag-expresidente-ernesto-samper","tag-procurador-alejandro-ordonez"],"_links":{"self":[{"href":"https:\/\/contraluzcucuta.co\/index.php?rest_route=\/wp\/v2\/posts\/21317","targetHints":{"allow":["GET"]}}],"collection":[{"href":"https:\/\/contraluzcucuta.co\/index.php?rest_route=\/wp\/v2\/posts"}],"about":[{"href":"https:\/\/contraluzcucuta.co\/index.php?rest_route=\/wp\/v2\/types\/post"}],"author":[{"embeddable":true,"href":"https:\/\/contraluzcucuta.co\/index.php?rest_route=\/wp\/v2\/users\/1"}],"replies":[{"embeddable":true,"href":"https:\/\/contraluzcucuta.co\/index.php?rest_route=%2Fwp%2Fv2%2Fcomments&post=21317"}],"version-history":[{"count":1,"href":"https:\/\/contraluzcucuta.co\/index.php?rest_route=\/wp\/v2\/posts\/21317\/revisions"}],"predecessor-version":[{"id":21318,"href":"https:\/\/contraluzcucuta.co\/index.php?rest_route=\/wp\/v2\/posts\/21317\/revisions\/21318"}],"wp:featuredmedia":[{"embeddable":true,"href":"https:\/\/contraluzcucuta.co\/index.php?rest_route=\/wp\/v2\/media\/21315"}],"wp:attachment":[{"href":"https:\/\/contraluzcucuta.co\/index.php?rest_route=%2Fwp%2Fv2%2Fmedia&parent=21317"}],"wp:term":[{"taxonomy":"category","embeddable":true,"href":"https:\/\/contraluzcucuta.co\/index.php?rest_route=%2Fwp%2Fv2%2Fcategories&post=21317"},{"taxonomy":"post_tag","embeddable":true,"href":"https:\/\/contraluzcucuta.co\/index.php?rest_route=%2Fwp%2Fv2%2Ftags&post=21317"}],"curies":[{"name":"wp","href":"https:\/\/api.w.org\/{rel}","templated":true}]}}