{"id":21314,"date":"2014-04-13T20:19:10","date_gmt":"2014-04-14T01:19:10","guid":{"rendered":"http:\/\/contraluzcucuta.co\/?p=21314"},"modified":"2014-04-15T23:36:55","modified_gmt":"2014-04-16T04:36:55","slug":"gremios-productivos-el-catatumbo-no-resiste-un-conflicto-mas","status":"publish","type":"post","link":"https:\/\/contraluzcucuta.co\/?p=21314","title":{"rendered":"GREMIOS PRODUCTIVOS. El Catatumbo no resiste un conflicto m\u00e1s"},"content":{"rendered":"<p><b style=\"line-height: 1.5em;\">C\u00daCUTA.-<\/b><span style=\"line-height: 1.5em;\"> Sectores productivos de Norte de Santander llamaron la atenci\u00f3n del Gobierno sobre \u201clas consecuencias nefastas\u201d que dejar\u00eda para la regi\u00f3n otra movilizaci\u00f3n en El Catatumbo, y pidieron a los promotores \u201csensatez y cordura\u201d para evitar el deterioro de la econom\u00eda.<\/span><\/p>\n<p>La C\u00e1mara de Comercio de C\u00facuta, Fenalco \u2013 Norte de Santander, Asocarb\u00f3n, Colfecar, mineros y Ecopetrol encabezan la solicitud a la administraci\u00f3n central para que atienda los reclamos de la poblaci\u00f3n civil para que no se altere el orden p\u00fablico y social de la comunidad.<\/p>\n<p>Los habitantes de la zona de El Catatumbo est\u00e1n inmersos \u201cen un conflicto que desde ya levanta su voz de inconformidad\u201d. \u00a0Tib\u00fa, Hacar\u00ed, Teorama, San Calixto, El Tarra, C\u00e1chira, y Convenci\u00f3n hacen parte de la regi\u00f3n afectada por la falta de infraestructura vial, atenci\u00f3n en salud, educaci\u00f3n, desarrollo sostenible y alto grado de pobreza.<\/p>\n<p>Los gremios de Norte de Santander unieron la voz para pedir la presencia estatal \u201cpara que no volvamos a ser sometidos a un doloroso secuestro que afect\u00f3 nuestros derechos fundamentales, comprometiendo hasta la vida.<\/p>\n<p>El c\u00famulo de necesidades, al que se suma la presencia de guerrilla, paramilitarismo y bandas criminales,\u00a0 desencaden\u00f3 la movilizaci\u00f3n, en el 2013. Durante 53 d\u00edas, se escucharon las reclamaciones de las comunidades. Hubo manifestaciones que cobraron la vida de cuatro civiles en confusos hechos.<\/p>\n<p>Los problemas de El Catatumbo son vistos desde la capital del departamento de la siguiente manera:<\/p>\n<p>1.- Van desde la extrema pobreza hasta la violencia<\/p>\n<p>2.- La econom\u00eda es poco competitiva.<\/p>\n<p>\u201cNuestra apuesta es por el desarrollo de la regi\u00f3n a partir del fortalecimiento delas capacidades y oportunidades productivas de la zona\u201d, expresaron en el comunicado divulgado la semana pasada.<\/p>\n<p>Para la b\u00fasqueda de las soluciones los firmantes del documento plantean trabajar en un marco de concertaci\u00f3n con los sectores sociales para hacer prevalecer los derechos colectivos sobre los intereses particulares, y que los di\u00e1logos sean incluyentes y participe la totalidad de los afectados.<\/p>\n<p>\u201cHacemos un llamado a las partes involucradas a la sensatez y a la cordura con el fin de evitar que esta regi\u00f3n siga postrada en los problemas que hoy tiene, porque la comunidad no resiste un conflicto m\u00e1s\u201d, concluyeron.<\/p>\n<p>&nbsp; <\/p>\n","protected":false},"excerpt":{"rendered":"<p>C\u00daCUTA.- Sectores productivos de Norte de Santander llamaron la atenci\u00f3n del Gobierno sobre \u201clas consecuencias nefastas\u201d que dejar\u00eda para la regi\u00f3n otra movilizaci\u00f3n en El Catatumbo, y pidieron a los promotores \u201csensatez y cordura\u201d para evitar el deterioro de la econom\u00eda. La C\u00e1mara de Comercio de C\u00facuta, Fenalco \u2013 Norte de Santander, Asocarb\u00f3n, Colfecar, mineros &hellip;<\/p>\n","protected":false},"author":1,"featured_media":21319,"comment_status":"open","ping_status":"open","sticky":false,"template":"","format":"standard","meta":{"footnotes":""},"categories":[556,36],"tags":[710,1329],"class_list":["post-21314","post","type-post","status-publish","format-standard","has-post-thumbnail","hentry","category-departamento","category-la-voz-del-pueblo","tag-crisis-en-el-catatumbo","tag-gremios-productivos-de-norte-de-santander"],"_links":{"self":[{"href":"https:\/\/contraluzcucuta.co\/index.php?rest_route=\/wp\/v2\/posts\/21314","targetHints":{"allow":["GET"]}}],"collection":[{"href":"https:\/\/contraluzcucuta.co\/index.php?rest_route=\/wp\/v2\/posts"}],"about":[{"href":"https:\/\/contraluzcucuta.co\/index.php?rest_route=\/wp\/v2\/types\/post"}],"author":[{"embeddable":true,"href":"https:\/\/contraluzcucuta.co\/index.php?rest_route=\/wp\/v2\/users\/1"}],"replies":[{"embeddable":true,"href":"https:\/\/contraluzcucuta.co\/index.php?rest_route=%2Fwp%2Fv2%2Fcomments&post=21314"}],"version-history":[{"count":1,"href":"https:\/\/contraluzcucuta.co\/index.php?rest_route=\/wp\/v2\/posts\/21314\/revisions"}],"predecessor-version":[{"id":21316,"href":"https:\/\/contraluzcucuta.co\/index.php?rest_route=\/wp\/v2\/posts\/21314\/revisions\/21316"}],"wp:featuredmedia":[{"embeddable":true,"href":"https:\/\/contraluzcucuta.co\/index.php?rest_route=\/wp\/v2\/media\/21319"}],"wp:attachment":[{"href":"https:\/\/contraluzcucuta.co\/index.php?rest_route=%2Fwp%2Fv2%2Fmedia&parent=21314"}],"wp:term":[{"taxonomy":"category","embeddable":true,"href":"https:\/\/contraluzcucuta.co\/index.php?rest_route=%2Fwp%2Fv2%2Fcategories&post=21314"},{"taxonomy":"post_tag","embeddable":true,"href":"https:\/\/contraluzcucuta.co\/index.php?rest_route=%2Fwp%2Fv2%2Ftags&post=21314"}],"curies":[{"name":"wp","href":"https:\/\/api.w.org\/{rel}","templated":true}]}}