{"id":21311,"date":"2014-04-13T18:43:56","date_gmt":"2014-04-13T23:43:56","guid":{"rendered":"http:\/\/contraluzcucuta.co\/?p=21311"},"modified":"2014-04-15T23:37:32","modified_gmt":"2014-04-16T04:37:32","slug":"semana-santa-diez-mandamientos-para-evitar-accidentes","status":"publish","type":"post","link":"https:\/\/contraluzcucuta.co\/?p=21311","title":{"rendered":"SEMANA SANTA. Diez mandamientos para evitar accidentes"},"content":{"rendered":"<p><b style=\"line-height: 1.5em;\">C\u00daCUTA.-<\/b><span style=\"line-height: 1.5em;\"> Una palma represent\u00f3 la vida y una rama seca, la muerte, durante la presentaci\u00f3n del plan \u2018Semana Santa segura y sin accidentes\u2019. La intenci\u00f3n de la campa\u00f1a es despertar conciencia entre la ciudadan\u00eda.<\/span><\/p>\n<p>La administraci\u00f3n municipal, con el \u00e1nimo de llamar la atenci\u00f3n de los cucute\u00f1os para que en este periodo de reflexi\u00f3n no ocurran accidentes de tr\u00e1nsito, emiti\u00f3 los \u201810 Mandamientos\u2019 relacionados con la circulaci\u00f3n.<\/p>\n<p>1.- No tomar\u00e1s si vas a manejar.<\/p>\n<p>2.- No hablar\u00e1s por tel\u00e9fono mientras manejes.<\/p>\n<p>3.- No llevar\u00e1s ni\u00f1os menores de 10 a\u00f1os en la silla delantera.<\/p>\n<p>4.- Revisar\u00e1s tu veh\u00edculo antes de salir.<\/p>\n<p>5.- No conducir\u00e1s excediendo los l\u00edmites de velocidad.<\/p>\n<p>6.- Respetar\u00e1s las se\u00f1ales de tr\u00e1nsito.<\/p>\n<p>7.- Siempre tendr\u00e1s puesto el cintur\u00f3n de seguridad y velar\u00e1s porque tus pasajeros tambi\u00e9n lo tengan.<\/p>\n<p>8.- En la moto siempre usar\u00e1s los elementos de seguridad.<\/p>\n<p>9.- Siempre portar\u00e1s los documentos vigentes de tu veh\u00edculo.<\/p>\n<p>10.- Manejar\u00e1s siempre con precauci\u00f3n.<\/p>\n<p>En la campa\u00f1a \u2018Semana Santa segura y sin accidentes\u2019 participan la Alcald\u00eda de C\u00facuta, la Secretar\u00eda de Tr\u00e1nsito Municipal, la Polic\u00eda y la concesionaria San Sim\u00f3n. Se busca que los cucute\u00f1os vivan la pasi\u00f3n, muerte y resurrecci\u00f3n de Jes\u00fas en familia y que respeten las normas y se\u00f1ales de tr\u00e1nsito.<\/p>\n<p>&nbsp; <\/p>\n","protected":false},"excerpt":{"rendered":"<p>C\u00daCUTA.- Una palma represent\u00f3 la vida y una rama seca, la muerte, durante la presentaci\u00f3n del plan \u2018Semana Santa segura y sin accidentes\u2019. La intenci\u00f3n de la campa\u00f1a es despertar conciencia entre la ciudadan\u00eda. La administraci\u00f3n municipal, con el \u00e1nimo de llamar la atenci\u00f3n de los cucute\u00f1os para que en este periodo de reflexi\u00f3n no &hellip;<\/p>\n","protected":false},"author":1,"featured_media":21312,"comment_status":"open","ping_status":"open","sticky":false,"template":"","format":"standard","meta":{"footnotes":""},"categories":[541,45],"tags":[19,280],"class_list":["post-21311","post","type-post","status-publish","format-standard","has-post-thumbnail","hentry","category-ciudad","category-destacado","tag-semana-santa","tag-semana-santa-en-cucuta"],"_links":{"self":[{"href":"https:\/\/contraluzcucuta.co\/index.php?rest_route=\/wp\/v2\/posts\/21311","targetHints":{"allow":["GET"]}}],"collection":[{"href":"https:\/\/contraluzcucuta.co\/index.php?rest_route=\/wp\/v2\/posts"}],"about":[{"href":"https:\/\/contraluzcucuta.co\/index.php?rest_route=\/wp\/v2\/types\/post"}],"author":[{"embeddable":true,"href":"https:\/\/contraluzcucuta.co\/index.php?rest_route=\/wp\/v2\/users\/1"}],"replies":[{"embeddable":true,"href":"https:\/\/contraluzcucuta.co\/index.php?rest_route=%2Fwp%2Fv2%2Fcomments&post=21311"}],"version-history":[{"count":1,"href":"https:\/\/contraluzcucuta.co\/index.php?rest_route=\/wp\/v2\/posts\/21311\/revisions"}],"predecessor-version":[{"id":21313,"href":"https:\/\/contraluzcucuta.co\/index.php?rest_route=\/wp\/v2\/posts\/21311\/revisions\/21313"}],"wp:featuredmedia":[{"embeddable":true,"href":"https:\/\/contraluzcucuta.co\/index.php?rest_route=\/wp\/v2\/media\/21312"}],"wp:attachment":[{"href":"https:\/\/contraluzcucuta.co\/index.php?rest_route=%2Fwp%2Fv2%2Fmedia&parent=21311"}],"wp:term":[{"taxonomy":"category","embeddable":true,"href":"https:\/\/contraluzcucuta.co\/index.php?rest_route=%2Fwp%2Fv2%2Fcategories&post=21311"},{"taxonomy":"post_tag","embeddable":true,"href":"https:\/\/contraluzcucuta.co\/index.php?rest_route=%2Fwp%2Fv2%2Ftags&post=21311"}],"curies":[{"name":"wp","href":"https:\/\/api.w.org\/{rel}","templated":true}]}}