{"id":21286,"date":"2014-04-12T21:19:41","date_gmt":"2014-04-13T02:19:41","guid":{"rendered":"http:\/\/contraluzcucuta.co\/?p=21286"},"modified":"2014-04-12T23:18:00","modified_gmt":"2014-04-13T04:18:00","slug":"semana-santa-disenado-de-seguridad-vial-para-proteger-a-los-cucutenos","status":"publish","type":"post","link":"https:\/\/contraluzcucuta.co\/?p=21286","title":{"rendered":"SEMANA SANTA. Dise\u00f1ado plan de seguridad vial para proteger a los cucute\u00f1os"},"content":{"rendered":"<p>&nbsp;<\/p>\n<p><b>C\u00daCUTA.-<\/b> La Alcald\u00eda de C\u00facuta y la Polic\u00eda unieron voluntades para garantizarles a los cucute\u00f1os vivir la Semana Santa en paz y segura. Uniformados prestar\u00e1n vigilancia permanente en los templos de la ciudad. El objetivo es mantener la ciudad en calma durante las celebraciones religiosas que convocan gran cantidad de fieles.<\/p>\n<p>Los cucute\u00f1os podr\u00e1n asistir tranquilos a los oficios mientras 1500 agentes trabajar\u00e1n en el dispositivo de seguridad, complementado con 200 motocicletas y 31 camionetas.<\/p>\n<p>En el operativo dise\u00f1ado para la Semana Mayor, que comienzas este domingo, destaca el D\u00eda sin Carro, el \u00a0Viernes Santo de 8:00 de la ma\u00f1ana a 1:00 de la tarde. Los actos y las ceremonias se desarrollar\u00e1n sin veh\u00edculos que alteren la tranquilidad de los creyentes.<\/p>\n<p>La campa\u00f1a \u2018Semana Santa segura y sin accidentes\u2019 se desarrollar\u00e1 en conjunto con la Secretar\u00eda de Tr\u00e1nsito Municipal, la Polic\u00eda y la concesionaria San Sim\u00f3n S.A. Se busca que los ciudadanos vivan la pasi\u00f3n, muerte y resurrecci\u00f3n de Jes\u00fas en familia.<\/p>\n<p>El Domingo de Ramos dar\u00e1 inicio la campa\u00f1a en la iglesia La Candelaria (barrio Sevilla). Los conductores de motos y veh\u00edculos plantar\u00e1n un \u00e1rbol de buen fruto y un chamizo que no fecunda para simbolizar la vida que se puede perder por infringir una se\u00f1al de Tr\u00e1nsito.<\/p>\n<p>Los temas para la semana son los siguientes:<\/p>\n<p><b>1.- Lunes Santo<\/b>. El amor a los hijos. Es una reflexi\u00f3n de los padres para tomar conciencia y no llevar a los hijos sin casco ni chaleco en las motocicletas, ni en el puesto de copiloto del veh\u00edculo si el ni\u00f1o es menor de 10 a\u00f1os.<\/p>\n<p><b>2.- Martes Santo<\/b>. En la Terminal de Trasporte se verificar\u00e1 que los carros que salgan de viaje tengan la revisi\u00f3n t\u00e9cnicomec\u00e1nica acondicionada y los papeles al d\u00eda.<\/p>\n<p><b>3.- Mi\u00e9rcoles Santo<\/b>. En la calzada que conduce al barrio Claret, una de las v\u00edas m\u00e1s accidentadas de la ciudad, se llevar\u00e1 a cabo el viacrucis para recordar a quienes murieron en esa v\u00eda.<\/p>\n<p><b>4.- Viernes Santo<\/b>. D\u00eda sin Carro y sin Moto. Solo habr\u00e1 tr\u00e1nsito para servicio p\u00fablico y taxi.<\/p>\n<p><b>5.- Domingo de Resurrecci\u00f3n<\/b>. Plan retorno.<\/p>\n<p>&nbsp; <\/p>\n","protected":false},"excerpt":{"rendered":"<p>&nbsp; C\u00daCUTA.- La Alcald\u00eda de C\u00facuta y la Polic\u00eda unieron voluntades para garantizarles a los cucute\u00f1os vivir la Semana Santa en paz y segura. Uniformados prestar\u00e1n vigilancia permanente en los templos de la ciudad. El objetivo es mantener la ciudad en calma durante las celebraciones religiosas que convocan gran cantidad de fieles. Los cucute\u00f1os podr\u00e1n &hellip;<\/p>\n","protected":false},"author":1,"featured_media":21287,"comment_status":"open","ping_status":"open","sticky":false,"template":"","format":"standard","meta":{"footnotes":""},"categories":[541,4],"tags":[280],"class_list":["post-21286","post","type-post","status-publish","format-standard","has-post-thumbnail","hentry","category-ciudad","category-barra","tag-semana-santa-en-cucuta"],"_links":{"self":[{"href":"https:\/\/contraluzcucuta.co\/index.php?rest_route=\/wp\/v2\/posts\/21286","targetHints":{"allow":["GET"]}}],"collection":[{"href":"https:\/\/contraluzcucuta.co\/index.php?rest_route=\/wp\/v2\/posts"}],"about":[{"href":"https:\/\/contraluzcucuta.co\/index.php?rest_route=\/wp\/v2\/types\/post"}],"author":[{"embeddable":true,"href":"https:\/\/contraluzcucuta.co\/index.php?rest_route=\/wp\/v2\/users\/1"}],"replies":[{"embeddable":true,"href":"https:\/\/contraluzcucuta.co\/index.php?rest_route=%2Fwp%2Fv2%2Fcomments&post=21286"}],"version-history":[{"count":2,"href":"https:\/\/contraluzcucuta.co\/index.php?rest_route=\/wp\/v2\/posts\/21286\/revisions"}],"predecessor-version":[{"id":21306,"href":"https:\/\/contraluzcucuta.co\/index.php?rest_route=\/wp\/v2\/posts\/21286\/revisions\/21306"}],"wp:featuredmedia":[{"embeddable":true,"href":"https:\/\/contraluzcucuta.co\/index.php?rest_route=\/wp\/v2\/media\/21287"}],"wp:attachment":[{"href":"https:\/\/contraluzcucuta.co\/index.php?rest_route=%2Fwp%2Fv2%2Fmedia&parent=21286"}],"wp:term":[{"taxonomy":"category","embeddable":true,"href":"https:\/\/contraluzcucuta.co\/index.php?rest_route=%2Fwp%2Fv2%2Fcategories&post=21286"},{"taxonomy":"post_tag","embeddable":true,"href":"https:\/\/contraluzcucuta.co\/index.php?rest_route=%2Fwp%2Fv2%2Ftags&post=21286"}],"curies":[{"name":"wp","href":"https:\/\/api.w.org\/{rel}","templated":true}]}}