{"id":21283,"date":"2014-04-12T20:54:44","date_gmt":"2014-04-13T01:54:44","guid":{"rendered":"http:\/\/contraluzcucuta.co\/?p=21283"},"modified":"2014-04-13T22:14:39","modified_gmt":"2014-04-14T03:14:39","slug":"vivienda-de-interes-social-jalona-construccion-en-el-area-metropolitana","status":"publish","type":"post","link":"https:\/\/contraluzcucuta.co\/?p=21283","title":{"rendered":"Vivienda de inter\u00e9s social jalona construcci\u00f3n en el \u00c1rea Metropolitana"},"content":{"rendered":"<p><b style=\"line-height: 1.5em;\">C\u00daCUTA.-<\/b><span style=\"line-height: 1.5em;\"> Si se mantiene la solicitud de licencias para construir vivienda, C\u00facuta alcanzar\u00e1, al menos, los 300.000 metros cuadrados edificados en el 2014. En marzo, hubo crecimiento en el metraje licenciado. La cifra es sustancial en raz\u00f3n a que este a\u00f1o no se presentaba el despegue.<\/span><\/p>\n<p>Ricardo Uraz\u00e1n, representante legal de la C\u00e1mara de la Construcci\u00f3n Local (Camacol Norte de Santander), entreg\u00f3 el balance del primer trimestre del a\u00f1o. \u201cAs\u00ed el metraje no alcance a\u00fan los niveles deseados, la tendencia se\u00f1ala al menos 300.000 metros cuadrados para el a\u00f1o completo, si contin\u00faan los licenciamientos de proyectos de vivienda de inter\u00e9s social\u201d.<\/p>\n<p>La cifra registrada para Villa del Rosario es poco significativa, a pesar de encontrarse en proceso de crecimiento. La situaci\u00f3n del sector edificador regional es cr\u00edtica y grave con el salvamento que ha prodigado el apoyo nacional gubernamental con la vivienda de inter\u00e9s social y prioritario.<\/p>\n<p>Los Patios no despierta en la actividad de licenciamiento de proyectos de vivienda. El nicho que explotaba era la vivienda suntuaria y hace dos y tres a\u00f1os est\u00e1 en saturaci\u00f3n extrema dentro del mercado inmobiliario.<\/p>\n<p>Al entrar al cuatrimestre C\u00facuta se acercaa los 60.000 metros cuadrados, cifra estimada como \u201creducida\u201d, por Camacol Norte de Santander. En cuanto a Villa del Rosario y Los Patios, el licenciamiento mostrado es insignificante.<\/p>\n<p>En la individualizaci\u00f3n del \u00e1rea licenciada se evidencia la crisis que afronta el sector en esta regi\u00f3n del pa\u00eds. \u201cNo soslayamos el aporte que impulsan los proyectos de vivienda gratuita y\u00a0 VIS, pero son insuficientes para reducir el d\u00e9ficit habitacional existente\u201d, dijo Uraz\u00e1n.<\/p>\n<p>En marzo hubo un crecimiento significativo respecto a febrero y al mismo periodo del 2013. Aun as\u00ed, es necesaria la aparici\u00f3n de proyectos de alguna envergadura con mayor periodicidad.<\/p>\n<p>A la altura de la culminaci\u00f3n del primer trimestre del a\u00f1o, el \u00c1rea Metropolitana de C\u00facuta supera lo mostrado en el 2013. \u201cAlgo que debe tenerse en cuenta es que los proyectos habitacionales gubernamentales del 2013 no se repetir\u00e1n en el misma magnitud en el 2014\u201d, se\u00f1al\u00f3.<\/p>\n<p>C\u00facuta mantiene el liderazgo en el crecimiento, mientras Villa del Rosario y Los Patios tienen una discreta participaci\u00f3n. El n\u00famero de unidades no satisface la necesidad constructiva que requiere el \u00c1rea metropolitana para mantener el crecimiento poblacional en condiciones dignas y de sostenibilidad apreciable.<\/p>\n<p>&nbsp; <\/p>\n","protected":false},"excerpt":{"rendered":"<p>C\u00daCUTA.- Si se mantiene la solicitud de licencias para construir vivienda, C\u00facuta alcanzar\u00e1, al menos, los 300.000 metros cuadrados edificados en el 2014. En marzo, hubo crecimiento en el metraje licenciado. La cifra es sustancial en raz\u00f3n a que este a\u00f1o no se presentaba el despegue. Ricardo Uraz\u00e1n, representante legal de la C\u00e1mara de la &hellip;<\/p>\n","protected":false},"author":1,"featured_media":21284,"comment_status":"open","ping_status":"open","sticky":false,"template":"","format":"standard","meta":{"footnotes":""},"categories":[541,36],"tags":[827,1322,828],"class_list":["post-21283","post","type-post","status-publish","format-standard","has-post-thumbnail","hentry","category-ciudad","category-la-voz-del-pueblo","tag-camacol-norte-de-santander","tag-construccion-en-cucuta","tag-ricardo-urazan"],"_links":{"self":[{"href":"https:\/\/contraluzcucuta.co\/index.php?rest_route=\/wp\/v2\/posts\/21283","targetHints":{"allow":["GET"]}}],"collection":[{"href":"https:\/\/contraluzcucuta.co\/index.php?rest_route=\/wp\/v2\/posts"}],"about":[{"href":"https:\/\/contraluzcucuta.co\/index.php?rest_route=\/wp\/v2\/types\/post"}],"author":[{"embeddable":true,"href":"https:\/\/contraluzcucuta.co\/index.php?rest_route=\/wp\/v2\/users\/1"}],"replies":[{"embeddable":true,"href":"https:\/\/contraluzcucuta.co\/index.php?rest_route=%2Fwp%2Fv2%2Fcomments&post=21283"}],"version-history":[{"count":1,"href":"https:\/\/contraluzcucuta.co\/index.php?rest_route=\/wp\/v2\/posts\/21283\/revisions"}],"predecessor-version":[{"id":21285,"href":"https:\/\/contraluzcucuta.co\/index.php?rest_route=\/wp\/v2\/posts\/21283\/revisions\/21285"}],"wp:featuredmedia":[{"embeddable":true,"href":"https:\/\/contraluzcucuta.co\/index.php?rest_route=\/wp\/v2\/media\/21284"}],"wp:attachment":[{"href":"https:\/\/contraluzcucuta.co\/index.php?rest_route=%2Fwp%2Fv2%2Fmedia&parent=21283"}],"wp:term":[{"taxonomy":"category","embeddable":true,"href":"https:\/\/contraluzcucuta.co\/index.php?rest_route=%2Fwp%2Fv2%2Fcategories&post=21283"},{"taxonomy":"post_tag","embeddable":true,"href":"https:\/\/contraluzcucuta.co\/index.php?rest_route=%2Fwp%2Fv2%2Ftags&post=21283"}],"curies":[{"name":"wp","href":"https:\/\/api.w.org\/{rel}","templated":true}]}}