{"id":21244,"date":"2014-04-07T21:32:30","date_gmt":"2014-04-08T02:32:30","guid":{"rendered":"http:\/\/contraluzcucuta.co\/?p=21244"},"modified":"2014-04-10T22:31:46","modified_gmt":"2014-04-11T03:31:46","slug":"asumio-junta-directiva-de-la-acord-norte-de-santander","status":"publish","type":"post","link":"https:\/\/contraluzcucuta.co\/?p=21244","title":{"rendered":"Asumi\u00f3 junta directiva de la Acord &#8211; Norte de Santander"},"content":{"rendered":"<p><del><\/del><b>C\u00daCUTA.-<\/b> La \u00a0\u00a0Acord &#8211; Norte de Santander nombr\u00f3 socio honorario al gobernador Edgar D\u00edaz, en el acto de posesi\u00f3n de la junta directiva para el periodo 2014-2018. Arnulfo S\u00e1nchez asumi\u00f3 la presidencia del gremio de los periodistas deportivos, en remplazo del padre Fabi\u00e1n Staper.<\/p>\n<p>\u201cA sabiendas de la dif\u00edcil situaci\u00f3n que enfrenta el Departamento no s\u00f3lo en lo econ\u00f3mico sino en el \u00e1mbito deportivo c<\/p>\n<p>\u201cCelebro que la nueva junta piense en c\u00f3mo convertir a la Asociaci\u00f3n en una empresa que, adem\u00e1s de promover la actividad f\u00edsica, genere sostenibilidad para los afiliados\u201d, dijo el gobernador D\u00edaz. Propuso trabajar de la mano con los medios de comunicaci\u00f3n para impulsar la pr\u00e1ctica de las\u00a0 disciplinas deportivas, en especial el atletismo.<\/p>\n<p>Durante la posesi\u00f3n, cumplida este 7 de abril, Edgar D\u00edaz se declar\u00f3 a la espera de que la Alcald\u00eda de C\u00facuta y del Instituto Municipal de Recreaci\u00f3n y Deporte (IMRD) definan la fecha para evaluar cu\u00e1les escenarios podr\u00edan ser asumidos por la Gobernaci\u00f3n de Norte de Santander, por medio de Indenorte.<\/p>\n<p>En el listado aparecen el estadio General Santander, el coliseo Toto Hern\u00e1ndez, el nuevo complejo acu\u00e1tico, el coliseo menor Eustorgio Colmenares, el complejo ten\u00edstico Fabiola Zuluaga y el estadio de atletismo de la ciudadela Juan Atalaya.<\/p>\n<p>La propuesta permitir\u00e1 invertir recursos en adecuaci\u00f3n, mejoramiento y mantenimiento de las instalaciones para la organizaci\u00f3n de torneos nacionales e internacionales.<\/p>\n<p>Recientemente, se cumplieron en la ciudad la eliminatoria del Grupo I de la Zona Americana de la Copa Davis, que enfrent\u00f3 a Colombia y Uruguay, el nacional interligas de patinaje y el Segundo \u00d3mnium de Pista.<\/p>\n<p>La directiva de la Acord Norte de Santander est\u00e1 conformada por Arnulfo S\u00e1nchez, presidente; V\u00edctor Parra Urbina, vicepresidente;\u00a0 Fabi\u00e1n Staper Carvajal, tesorero;\u00a0\u00a0 William D\u00edaz, secretario, y Pedro J\u00e1uregui, secretario ejecutivo.<\/p>\n<p>Arnulfo S\u00e1nchez dijo que la administraci\u00f3n departamental ser\u00e1 un aliado en cada proyecto de la Asociaci\u00f3n. En la lista de iniciativas aparece la visita a los municipios para compartir y difundir conocimientos sobre lo concerniente al periodismo deportivo.<\/p>\n<p>&nbsp; <\/p>\n","protected":false},"excerpt":{"rendered":"<p>C\u00daCUTA.- La \u00a0\u00a0Acord &#8211; Norte de Santander nombr\u00f3 socio honorario al gobernador Edgar D\u00edaz, en el acto de posesi\u00f3n de la junta directiva para el periodo 2014-2018. Arnulfo S\u00e1nchez asumi\u00f3 la presidencia del gremio de los periodistas deportivos, en remplazo del padre Fabi\u00e1n Staper. \u201cA sabiendas de la dif\u00edcil situaci\u00f3n que enfrenta el Departamento no &hellip;<\/p>\n","protected":false},"author":1,"featured_media":21245,"comment_status":"open","ping_status":"open","sticky":false,"template":"","format":"standard","meta":{"footnotes":""},"categories":[28],"tags":[1244],"class_list":["post-21244","post","type-post","status-publish","format-standard","has-post-thumbnail","hentry","category-vistazo-deportivo","tag-acord-norte-de-santander"],"_links":{"self":[{"href":"https:\/\/contraluzcucuta.co\/index.php?rest_route=\/wp\/v2\/posts\/21244","targetHints":{"allow":["GET"]}}],"collection":[{"href":"https:\/\/contraluzcucuta.co\/index.php?rest_route=\/wp\/v2\/posts"}],"about":[{"href":"https:\/\/contraluzcucuta.co\/index.php?rest_route=\/wp\/v2\/types\/post"}],"author":[{"embeddable":true,"href":"https:\/\/contraluzcucuta.co\/index.php?rest_route=\/wp\/v2\/users\/1"}],"replies":[{"embeddable":true,"href":"https:\/\/contraluzcucuta.co\/index.php?rest_route=%2Fwp%2Fv2%2Fcomments&post=21244"}],"version-history":[{"count":1,"href":"https:\/\/contraluzcucuta.co\/index.php?rest_route=\/wp\/v2\/posts\/21244\/revisions"}],"predecessor-version":[{"id":21246,"href":"https:\/\/contraluzcucuta.co\/index.php?rest_route=\/wp\/v2\/posts\/21244\/revisions\/21246"}],"wp:featuredmedia":[{"embeddable":true,"href":"https:\/\/contraluzcucuta.co\/index.php?rest_route=\/wp\/v2\/media\/21245"}],"wp:attachment":[{"href":"https:\/\/contraluzcucuta.co\/index.php?rest_route=%2Fwp%2Fv2%2Fmedia&parent=21244"}],"wp:term":[{"taxonomy":"category","embeddable":true,"href":"https:\/\/contraluzcucuta.co\/index.php?rest_route=%2Fwp%2Fv2%2Fcategories&post=21244"},{"taxonomy":"post_tag","embeddable":true,"href":"https:\/\/contraluzcucuta.co\/index.php?rest_route=%2Fwp%2Fv2%2Ftags&post=21244"}],"curies":[{"name":"wp","href":"https:\/\/api.w.org\/{rel}","templated":true}]}}