{"id":21238,"date":"2014-04-07T20:06:34","date_gmt":"2014-04-08T01:06:34","guid":{"rendered":"http:\/\/contraluzcucuta.co\/?p=21238"},"modified":"2014-04-10T22:33:31","modified_gmt":"2014-04-11T03:33:31","slug":"a-quien-le-duele-norte-de-santander","status":"publish","type":"post","link":"https:\/\/contraluzcucuta.co\/?p=21238","title":{"rendered":"\u00bfA qui\u00e9n le duele Norte de Santander?"},"content":{"rendered":"<p><b style=\"line-height: 1.5em;\">CHIN\u00c1COTA \u2013 Norte de Santander.-<\/b><span style=\"line-height: 1.5em;\"> Si no es a nosotros, los nortesantandereanos, \u00bfa qui\u00e9n le podemos reclamar?\u00a0 El 3 de abril, en C\u00facuta, las organizaciones CUT, CTC, CGT, gremios de taxistas, comerciantes, pimpineros, vendedores ambulantes, mototaxistas, trabajadores de la salud y sindicatos de empresas privadas, j\u00f3venes y muchos ciudadanos manifestaron, en jornada de movilizaci\u00f3n de protesta pac\u00edfica y civilista, como bien lo expresaron los dirigentes, el reclamo al Gobierno y a la Alcald\u00eda por la crisis social y econ\u00f3mica que vive la ciudad, y en general el departamento, jornada que apoyamos y nos solidarizamos.<\/span><\/p>\n<p>Falt\u00f3 en ese pliego, lo m\u00e1s importante: el rechazo contundente a la mayor\u00eda de la clase dirigente y pol\u00edtica que hoy tiene Norte de Santander,\u00a0 que lo copa y postra hace m\u00e1s de una d\u00e9cada, sumergi\u00e9ndolo cada vez m\u00e1s en la ineficiencia, politiquer\u00eda, oportunismo y ma\u00f1as que maltratan a la comunidad, verdadera causa del atraso y de la situaci\u00f3n que se vive y que motiv\u00f3 la protesta.<\/p>\n<p>Tenemos que ser realistas y reaccionar contra los verdaderos males que tiene el departamento:<\/p>\n<p>1.- Incapacidad de los dirigentes locales, que rayan por ausencia de ideas y propuestas de soluci\u00f3n a la problem\u00e1tica mencionada.<\/p>\n<p>2.- Ausencia de un modelo econ\u00f3mico que dirija al departamento por una senda de ampliar la capacidad de desarrollar los recursos tanto naturales como humanos, de grandes potencialidades. Modelo que lo saque del hueco en donde est\u00e1.<\/p>\n<p>3.- Ausencia de un Estado centralista que se olvida de las regiones, no las atiende, ni cumple con los deberes constitucionales, como son crear oportunidades haciendo las pol\u00edticas p\u00fablicas que permitan la inclusi\u00f3n y la participaci\u00f3n del pa\u00eds y las regiones.<\/p>\n<p>No salimos del gastado discurso de sordos para el Gobierno, de los \u00b4planes de choque\u2019, cuando parecemos explotar y nos encontramos cada vez en ca\u00edda al abismo de la pobreza, la informalidad, el desempleo y el mal gobierno, oyendo lo mismo de este o aquel senador o representante regional, ante un micr\u00f3fono complaciente, sin capacidad de cuestionar, mucho menos de denunciar la realidad y de un gobierno central que no recibe una propuesta viable y de verdadera soluci\u00f3n a los problemas.<\/p>\n<p>En Norte de Santander no hay eficacia para gobernar. Los ciudadanos dependemos de personas o dirigentes incompetentes en la administraci\u00f3n p\u00fablica, que poco saben, ni nada hacen por posibilitar el bienestar general. Por eso es indignante que sigamos a\u00f1o tras a\u00f1o en el desespero, la falta de atenci\u00f3n de los gobiernos nacional y local, y continuemos siendo solo idiotas \u00fatiles del oportunismo pol\u00edtico de esos individuos. Estar\u00e1n tratando de aprovecharse de la manifestaci\u00f3n justa para salir a sacar pecho de esto o aquello. Es perfecto para el cortoplacismo, lo medi\u00e1tico; es preciso para la politiquer\u00eda, el populismo malsano y manipulador de la miseria, el hecho que salgamos a la calle a quejarnos de la mala salud, del desempleo, de la ausencia de inversi\u00f3n p\u00fablica y privada, de la mala educaci\u00f3n y de la pobre educaci\u00f3n superior.<\/p>\n<p>El camino adecuado para encontrar la salida a este problema estructural que tiene Norte de Santander es que los gobiernos nacional y local, congresistas, gremios, sindicatos, sector privado y dirigentes c\u00edvicos, es decir todos los actores, reconozcamos el problema y emprendamos una estrategia que permita identificar bien, al menos, tres problemas claves que al solucionarlos nos pongan en la v\u00eda correcta de avanzar econ\u00f3mica y socialmente, para lo cual se necesita un verdadero L\u00edder.<\/p>\n<p>No me equivoco si ponemos:<\/p>\n<p>1.- La conectividad (de los municipios, del departamento con el interior del pa\u00eds y con la Costa Norte).<\/p>\n<p>2.- Generaci\u00f3n de empleo formal y de calidad (incentivo al sector productivo y a nueva inversi\u00f3n).<\/p>\n<p>3.- Educaci\u00f3n b\u00e1sica y superior como pilares claves en la formulaci\u00f3n de salidas a la problem\u00e1tica de\u00a0 desarrollo.<\/p>\n<p>Los cargos de Gobernador y alcaldes en Norte de Santander exigen caracter\u00edsticas claras, muy superiores, para saber identificar las necesidades de la comunidad, los problemas,\u00a0 las potencialidades de la regi\u00f3n que dirigen, las metas, hacia d\u00f3nde han de ser dirigidos los esfuerzos y lo que debe hacer para lograrlas. Son claves el conocimiento y la experiencia administrativa, el liderazgo, para encontrar el equipo adecuado que requiere el departamento y hacer la gesti\u00f3n eficiente de lo que debe hacer el Gobierno en lo local. De nada sirve seguir como vamos, est\u00e1 plenamente demostrado.<\/p>\n<p>Debemos preguntarnos, si las anteriores elecciones parlamentarias, quienes salieron elegidos estar\u00e1n en capacidad de hacer un trabajo eficiente por esta tierra. O, si quienes organizan campa\u00f1as para Gobernaci\u00f3n y alcald\u00edas, que sabemos han tenido la oportunidad de gobernar, de estar en el Congreso y que han convivido con estas situaciones sin hacer nada, nos van a decir ahora que tienen la soluci\u00f3n.<\/p>\n<p>No comamos m\u00e1s cuentos, paisanos, es urgente un revolc\u00f3n y sacudirnos de estos vividores de lo medi\u00e1tico y de la miseria de los dem\u00e1s. Necesitamos generar conciencia y dolor por nuestra tierra, siendo cada vez m\u00e1s importante y urgente, hacer valer la independencia como ciudadanos.<\/p>\n<p><b>SEGUNDO ANTONIO GONZ\u00c1LEZ C.<\/b><\/p>\n<p><b>Chin\u00e1cota, 7 de abril de 2014.<\/b> <\/p>\n","protected":false},"excerpt":{"rendered":"<p>CHIN\u00c1COTA \u2013 Norte de Santander.- Si no es a nosotros, los nortesantandereanos, \u00bfa qui\u00e9n le podemos reclamar?\u00a0 El 3 de abril, en C\u00facuta, las organizaciones CUT, CTC, CGT, gremios de taxistas, comerciantes, pimpineros, vendedores ambulantes, mototaxistas, trabajadores de la salud y sindicatos de empresas privadas, j\u00f3venes y muchos ciudadanos manifestaron, en jornada de movilizaci\u00f3n de &hellip;<\/p>\n","protected":false},"author":1,"featured_media":21239,"comment_status":"open","ping_status":"open","sticky":false,"template":"","format":"standard","meta":{"footnotes":""},"categories":[14,6],"tags":[619,247],"class_list":["post-21238","post","type-post","status-publish","format-standard","has-post-thumbnail","hentry","category-articulistas","category-ojo-avizor","tag-norte-de-santander","tag-segundo-antonio-gonzalez"],"_links":{"self":[{"href":"https:\/\/contraluzcucuta.co\/index.php?rest_route=\/wp\/v2\/posts\/21238","targetHints":{"allow":["GET"]}}],"collection":[{"href":"https:\/\/contraluzcucuta.co\/index.php?rest_route=\/wp\/v2\/posts"}],"about":[{"href":"https:\/\/contraluzcucuta.co\/index.php?rest_route=\/wp\/v2\/types\/post"}],"author":[{"embeddable":true,"href":"https:\/\/contraluzcucuta.co\/index.php?rest_route=\/wp\/v2\/users\/1"}],"replies":[{"embeddable":true,"href":"https:\/\/contraluzcucuta.co\/index.php?rest_route=%2Fwp%2Fv2%2Fcomments&post=21238"}],"version-history":[{"count":1,"href":"https:\/\/contraluzcucuta.co\/index.php?rest_route=\/wp\/v2\/posts\/21238\/revisions"}],"predecessor-version":[{"id":21240,"href":"https:\/\/contraluzcucuta.co\/index.php?rest_route=\/wp\/v2\/posts\/21238\/revisions\/21240"}],"wp:featuredmedia":[{"embeddable":true,"href":"https:\/\/contraluzcucuta.co\/index.php?rest_route=\/wp\/v2\/media\/21239"}],"wp:attachment":[{"href":"https:\/\/contraluzcucuta.co\/index.php?rest_route=%2Fwp%2Fv2%2Fmedia&parent=21238"}],"wp:term":[{"taxonomy":"category","embeddable":true,"href":"https:\/\/contraluzcucuta.co\/index.php?rest_route=%2Fwp%2Fv2%2Fcategories&post=21238"},{"taxonomy":"post_tag","embeddable":true,"href":"https:\/\/contraluzcucuta.co\/index.php?rest_route=%2Fwp%2Fv2%2Ftags&post=21238"}],"curies":[{"name":"wp","href":"https:\/\/api.w.org\/{rel}","templated":true}]}}