{"id":21235,"date":"2014-04-07T19:31:28","date_gmt":"2014-04-08T00:31:28","guid":{"rendered":"http:\/\/contraluzcucuta.co\/?p=21235"},"modified":"2014-04-07T19:31:28","modified_gmt":"2014-04-08T00:31:28","slug":"carlos-ibarra-si-no-se-conserva-el-rio-la-naturaleza-pasara-la-cuenta-de-cobro","status":"publish","type":"post","link":"https:\/\/contraluzcucuta.co\/?p=21235","title":{"rendered":"Carlos Ibarra. \u201cSi no se conserva el r\u00edo, la naturaleza pasar\u00e1 la cuenta de cobro\u201d"},"content":{"rendered":"<p><b style=\"line-height: 1.5em;\">C\u00daCUTA.-<\/b><span style=\"line-height: 1.5em;\"> Si los nortesantandereanos que se sirven del r\u00edo Pamplonita no atienden los problemas de la cuenca, la naturaleza pasar\u00e1 la cuenta de cobro, tarde o temprano, y los habitantes de esos municipios sufrir\u00e1n las consecuencias. La advertencia la hizo Carlos Ibarra, gerente de la EIS \u2013 C\u00facuta, a ra\u00edz de los problemas que afrontan otras regiones del pa\u00eds.<\/span><\/p>\n<p>Llam\u00f3 a los propietarios de los asaderos de carne y de los negocios de alimentos que utilizan material verde para las cocinas para que tomen conciencia y no da\u00f1en el ecosistema. La labor que cumplen en las partes media y alta de la cuenca pone en riesgo de p\u00e9rdida inminente a la principal fuente abastecedora de agua.<\/p>\n<p><b>\u00bfSe puede conservar la cuenca del r\u00edo Pamplonita con esta situaci\u00f3n que se vive en el pa\u00eds? <\/b><\/p>\n<p>Efectivamente, no solo podemos hacerlo, sino que es una obligaci\u00f3n. Si no lo hacemos estamos condenados a extinguirnos como cultura, como ciudad y como regi\u00f3n. Hemos iniciado un proceso para coadyuvar \u00a0a que se concluya el instrumento que la ley permite para que converjamos en recursos, tecnolog\u00eda y en aportes, para que se les d\u00e9 aplicaci\u00f3n a los planes de ordenamiento de las cuencas establecidas por las autoridades ambientales y que a su vez se haga el trabajo de conservaci\u00f3n, protecci\u00f3n, establecimiento de corredores ambientales y de bosques productores, y cultivos forestales comerciales.<\/p>\n<p><b>\u00bfSi es viable aplicar esa ley?<\/b><\/p>\n<p>Todo eso es viable. Es el futuro econ\u00f3mico de la regi\u00f3n, que necesita de un impulso extra en ese sentido, y es necesario para garantizarles el agua a las generaciones futuras. Este instrumento, que debe crearse y que debe ser apoyado por los sectores del Estado y los privados, nacionales e internacionales, debe ser clave para que se obtengan los recursos suficientes para desarrollar los planes de ordenamiento y tener la tranquilidad de que no nos va a pasar lo que ocurre en Casanare.<\/p>\n<p><b>\u00bfLe preocupa que el Pamplonita de 23 metros c\u00fabicos est\u00e9 en 7?<\/b><\/p>\n<p>Por supuesto. De esos 7 metros c\u00fabicos sacamos 1,9 metros c\u00fabicos para consumo humano. Los productores agropecuarios sacan otro tanto y el caudal ecol\u00f3gico que guarda el r\u00edo es el m\u00ednimo para sostener la vida en el cauce. No es bueno, como para decir que podemos recuperar esa vida y volverla a estados anteriores, si no le hacemos inversiones en el recorrido para depuraci\u00f3n de agua y en establecimiento de los bosques, que permitan que las esponjas aumenten el caudal diario. Todo eso es viable, pero es el producto del trabajo de muchos. Lo he propuesto a los diferentes sectores y lo haremos. Solos o acompa\u00f1ados, empujaremos o arrastraremos el carro.<\/p>\n<p><b>\u00bfQu\u00e9 mensajes tiene para la comunidad?<\/b><\/p>\n<p>1.- Seamos responsables en el consumo<\/p>\n<p>2.- Seamos responsables en lo que sembramos, porque cosechamos lo que sembramos. Si cosechamos productos que no son amigables con la naturaleza ma\u00f1ana la naturaleza nos pasar\u00e1 la cuenta de cobro y no podremos decir nada.<\/p>\n<p>3.- Los que est\u00e1n en la parte alta y media de la cuenca deben tener, por lo menos, el m\u00ednimo de depredaci\u00f3n de los bosques.<\/p>\n<p>4.- Se ve con preocupaci\u00f3n que los asaderos y los negocios de industrias alimenticias que trabajan con alto porcentaje de materia verde (carb\u00f3n y le\u00f1a) ponen en riesgo de p\u00e9rdida inminente a la principal fuente abastecedora de agua.<\/p>\n<p><b>PEDRO INFANTE<\/b><\/p>\n<p><b>Noticias y Deportes<\/b><\/p>\n<p><b>\u00a0<\/b> <\/p>\n","protected":false},"excerpt":{"rendered":"<p>C\u00daCUTA.- Si los nortesantandereanos que se sirven del r\u00edo Pamplonita no atienden los problemas de la cuenca, la naturaleza pasar\u00e1 la cuenta de cobro, tarde o temprano, y los habitantes de esos municipios sufrir\u00e1n las consecuencias. La advertencia la hizo Carlos Ibarra, gerente de la EIS \u2013 C\u00facuta, a ra\u00edz de los problemas que afrontan &hellip;<\/p>\n","protected":false},"author":1,"featured_media":21236,"comment_status":"open","ping_status":"open","sticky":false,"template":"","format":"standard","meta":{"footnotes":""},"categories":[4,347],"tags":[1314,727,40],"class_list":["post-21235","post","type-post","status-publish","format-standard","has-post-thumbnail","hentry","category-barra","category-medio-ambiente","tag-carlos-ibarra","tag-eis-cucuta","tag-rio-pamplonita"],"_links":{"self":[{"href":"https:\/\/contraluzcucuta.co\/index.php?rest_route=\/wp\/v2\/posts\/21235","targetHints":{"allow":["GET"]}}],"collection":[{"href":"https:\/\/contraluzcucuta.co\/index.php?rest_route=\/wp\/v2\/posts"}],"about":[{"href":"https:\/\/contraluzcucuta.co\/index.php?rest_route=\/wp\/v2\/types\/post"}],"author":[{"embeddable":true,"href":"https:\/\/contraluzcucuta.co\/index.php?rest_route=\/wp\/v2\/users\/1"}],"replies":[{"embeddable":true,"href":"https:\/\/contraluzcucuta.co\/index.php?rest_route=%2Fwp%2Fv2%2Fcomments&post=21235"}],"version-history":[{"count":1,"href":"https:\/\/contraluzcucuta.co\/index.php?rest_route=\/wp\/v2\/posts\/21235\/revisions"}],"predecessor-version":[{"id":21237,"href":"https:\/\/contraluzcucuta.co\/index.php?rest_route=\/wp\/v2\/posts\/21235\/revisions\/21237"}],"wp:featuredmedia":[{"embeddable":true,"href":"https:\/\/contraluzcucuta.co\/index.php?rest_route=\/wp\/v2\/media\/21236"}],"wp:attachment":[{"href":"https:\/\/contraluzcucuta.co\/index.php?rest_route=%2Fwp%2Fv2%2Fmedia&parent=21235"}],"wp:term":[{"taxonomy":"category","embeddable":true,"href":"https:\/\/contraluzcucuta.co\/index.php?rest_route=%2Fwp%2Fv2%2Fcategories&post=21235"},{"taxonomy":"post_tag","embeddable":true,"href":"https:\/\/contraluzcucuta.co\/index.php?rest_route=%2Fwp%2Fv2%2Ftags&post=21235"}],"curies":[{"name":"wp","href":"https:\/\/api.w.org\/{rel}","templated":true}]}}