{"id":21231,"date":"2014-04-05T22:50:20","date_gmt":"2014-04-06T03:50:20","guid":{"rendered":"http:\/\/contraluzcucuta.co\/?p=21231"},"modified":"2014-04-07T22:11:37","modified_gmt":"2014-04-08T03:11:37","slug":"ramiro-luna-mi-candidatura-a-la-gobernacion-no-es-precandidatura","status":"publish","type":"post","link":"https:\/\/contraluzcucuta.co\/?p=21231","title":{"rendered":"Ramiro Luna. \u201cMi candidatura a la Gobernaci\u00f3n no es precandidatura\u201d"},"content":{"rendered":"<p><b style=\"line-height: 1.5em;\">C\u00daCUTA.-<\/b><span style=\"line-height: 1.5em;\"> Ante inquietudes surgidas sobre el departamento, Ramiro Luna Conde present\u00f3 la estrategia global dise\u00f1ada con empresarios y dirigentes para llegar a la Gobernaci\u00f3n y dirigir los destinos de Norte de Santander en el periodo 2016-2019.<\/span><\/p>\n<p>\u201cMi candidatura a la Gobernaci\u00f3n no es precandidatura, ni me someter\u00e9 a convenciones ni componendas a dedo, si no que iremos hasta el d\u00eda de las elecciones para liberar al departamento de la banda que hoy lo gobierna y devolverle a la gente la posibilidad de participar libremente en la pol\u00edtica y la toma de decisiones\u201d, se\u00f1al\u00f3 en el mensaje trasmitido v\u00eda Facebook.<\/p>\n<p>La trasparencia, el rescate de las sanas costumbres, el devolverles la acci\u00f3n pol\u00edtica a todos los ciudadanos y el aspecto social son temas preponderantes en el programa de gobierno, aunque la econom\u00eda y el desarrollo son el eje.<\/p>\n<p>Para que Norte de Santander logre un alto nivel de desarrollo y progreso, deber\u00e1 plantearse y ejecutarse un Plan Especial de Desarrollo Econ\u00f3mico, Empresarial, Social e Industrial a corto, mediano y largo plazos, con una acci\u00f3n conjunta y coordinada entre los sectores p\u00fablico y el privado.<\/p>\n<p>Las tres etapas propuestas son las siguientes:<\/p>\n<p>1.- Corto plazo. Medidas urgentes especiales de choque, que contemplen inversi\u00f3n social en programas espec\u00edficos en salud, alimentaci\u00f3n y protecci\u00f3n a grupos vulnerables, en infraestructura de emergencia y en diversos y suficientes subsidios econ\u00f3micos y financieros para los sectores agr\u00edcola, minero, industrial y comercial.<\/p>\n<p>2.- Mediano plazo. 4 a\u00f1os. Inversi\u00f3n vigilada y planificada en infraestructura de v\u00edas y trasporte en carreteras terciarias, secundarias y primarias, enlazando los sectores rurales con las grandes ciudades. Leyes, Ordenanzas y Acuerdos orientados de manera coordinada y ejecutados con trasparencia que se enfoquen a incentivos de ayuda econ\u00f3mica, financiera y de est\u00edmulos tributarios y arancelarios plenos para la industria y el comercio local, y apoyo estatal multo nivel para abrir mercados a toda Colombia y pa\u00edses del \u00e1rea Andina.<\/p>\n<p>3.- Largo plazo. Hacer un diagn\u00f3stico y una carta de ruta para planificar el desarrollo a 50 a\u00f1os, con metas espec\u00edficas y macro proyectos financiados y montados por multinacionales y gobiernos extranjeros. Concesi\u00f3n con todas las ventajas tributarias, financieras y econ\u00f3micas, insertados en la econom\u00eda de la naci\u00f3n, pero desarrollados en Norte de Santander, con el objetivo final de trasformar la regi\u00f3n en una poderosa \u00e1rea econ\u00f3mica internacional y de atracci\u00f3n para el mercado y el capital extranjero. Estos proyectos se est\u00e1n elaborando con dise\u00f1os y megaproyectos con posibles inversionistas concretos. Para hacerlos realidad deben terminarse los dise\u00f1os e integrarlos en el Esquema del Plan de Gobierno 2016-2019, que \u201charemos entre todos los ciudadanos de bien, y ganar las elecciones para la Gobernaci\u00f3n\u2026 (para) devolverle a la gente la posibilidad de participar libremente en la pol\u00edtica y la toma de decisiones\u201d.<\/p>\n<p>&nbsp; <\/p>\n","protected":false},"excerpt":{"rendered":"<p>C\u00daCUTA.- Ante inquietudes surgidas sobre el departamento, Ramiro Luna Conde present\u00f3 la estrategia global dise\u00f1ada con empresarios y dirigentes para llegar a la Gobernaci\u00f3n y dirigir los destinos de Norte de Santander en el periodo 2016-2019. \u201cMi candidatura a la Gobernaci\u00f3n no es precandidatura, ni me someter\u00e9 a convenciones ni componendas a dedo, si no &hellip;<\/p>\n","protected":false},"author":1,"featured_media":21232,"comment_status":"open","ping_status":"open","sticky":false,"template":"","format":"standard","meta":{"footnotes":""},"categories":[9,32],"tags":[109,379],"class_list":["post-21231","post","type-post","status-publish","format-standard","has-post-thumbnail","hentry","category-politica","category-recorrido-por-la-region","tag-candidatos","tag-gobernacion-de-norte-de-santander"],"_links":{"self":[{"href":"https:\/\/contraluzcucuta.co\/index.php?rest_route=\/wp\/v2\/posts\/21231","targetHints":{"allow":["GET"]}}],"collection":[{"href":"https:\/\/contraluzcucuta.co\/index.php?rest_route=\/wp\/v2\/posts"}],"about":[{"href":"https:\/\/contraluzcucuta.co\/index.php?rest_route=\/wp\/v2\/types\/post"}],"author":[{"embeddable":true,"href":"https:\/\/contraluzcucuta.co\/index.php?rest_route=\/wp\/v2\/users\/1"}],"replies":[{"embeddable":true,"href":"https:\/\/contraluzcucuta.co\/index.php?rest_route=%2Fwp%2Fv2%2Fcomments&post=21231"}],"version-history":[{"count":1,"href":"https:\/\/contraluzcucuta.co\/index.php?rest_route=\/wp\/v2\/posts\/21231\/revisions"}],"predecessor-version":[{"id":21233,"href":"https:\/\/contraluzcucuta.co\/index.php?rest_route=\/wp\/v2\/posts\/21231\/revisions\/21233"}],"wp:featuredmedia":[{"embeddable":true,"href":"https:\/\/contraluzcucuta.co\/index.php?rest_route=\/wp\/v2\/media\/21232"}],"wp:attachment":[{"href":"https:\/\/contraluzcucuta.co\/index.php?rest_route=%2Fwp%2Fv2%2Fmedia&parent=21231"}],"wp:term":[{"taxonomy":"category","embeddable":true,"href":"https:\/\/contraluzcucuta.co\/index.php?rest_route=%2Fwp%2Fv2%2Fcategories&post=21231"},{"taxonomy":"post_tag","embeddable":true,"href":"https:\/\/contraluzcucuta.co\/index.php?rest_route=%2Fwp%2Fv2%2Ftags&post=21231"}],"curies":[{"name":"wp","href":"https:\/\/api.w.org\/{rel}","templated":true}]}}