{"id":21213,"date":"2014-04-03T18:00:10","date_gmt":"2014-04-03T23:00:10","guid":{"rendered":"http:\/\/contraluzcucuta.co\/?p=21213"},"modified":"2014-04-03T18:00:10","modified_gmt":"2014-04-03T23:00:10","slug":"cucutenos-marcharon-en-paz-porque-la-ciudad-les-duele","status":"publish","type":"post","link":"https:\/\/contraluzcucuta.co\/?p=21213","title":{"rendered":"Cucute\u00f1os marcharon en paz, porque la ciudad les duele"},"content":{"rendered":"<p><b>C\u00daCUTA.-<\/b> Los cucute\u00f1os, en buena cantidad, cumplieron con el paro organizado para salir a la calle a protestar. Cada sector ten\u00eda su &#8216;dolor&#8217; y lo expres\u00f3 en la marcha, que tuvo como punto de encuentro el parque Santander. <a href=\"https:\/\/www.facebook.com\/media\/set\/?set=a.851699704857145.1073741832.204163496277439&amp;type=1\">&#8216;Porque C\u00facuta nos duele&#8217;<\/a> fue el lema de la jornada de protesta, desestimada por el gobierno local y contrarrestada desde el Palacio Municipal por medio de las redes sociales.<\/p>\n<p>Las cifras que provocaron la movilizaci\u00f3n pac\u00edfica son las siguientes:<\/p>\n<p>1.- Somos la ciudad m\u00e1s informal de Colombia: 75 por ciento<\/p>\n<p>2.- La tasa de desempleo es del 19 por ciento<\/p>\n<p>3.- Los atracos a mano armada y homicidio aumentan cada d\u00eda<\/p>\n<p>4.- El PIB solo se increment\u00f3 el 2,0 por ciento<\/p>\n<p>5.- El ingreso per c\u00e1pita de los cucute\u00f1os es de $ 383.637<\/p>\n<p>6.- En el ranquin nacional, C\u00facuta ocupa el puesto 14, entre 29 ciudades<\/p>\n<p>7.- Norte de Santander ocupa el puesto 28 entre los 33 departamentos, con crecimiento econ\u00f3mico del 2,0 por ciento<\/p>\n<p>J\u00f3venes y adultos, hombres y mujeres, se pusieron el traje adecuado para mostrar su problema y lo expresaron en pancartas, con gritos y con cantos.<\/p>\n<p>Empleados de almacenes, universitarios, taxistas, tal cual docente, independientes, vendedores ambulantes, trabajadores oficiales camuflados, desocupados, chatarreros, pimpineros y todos los que quisieron se volcaron a las v\u00edas cucute\u00f1as para mostrar inconformismo por las pol\u00edticas aplicadas desde Bogot\u00e1, por las decisiones tomadas en la Alcald\u00eda, por las determinaciones asumidas en la Gobernaci\u00f3n, por la indolencia de los pol\u00edticos, por la indiferencia de los &#8216;grandes gremios&#8217;, por la falta de compromiso del pueblo y por la politiquer\u00eda en la universidad.<\/p>\n<p>Cumplieron la cita programada sin importarles el calor y el sol, la sed y el cansancio, el largo trecho y la extensa caminata.<\/p>\n<p>El an\u00e1lisis a los cuatro a\u00f1os del gobierno Santos le sacaron las siguientes cuentas:<\/p>\n<p>1.- Informalidad: 67,78 por ciento (2010-2011), 71,4 por ciento (2012), 72 por ciento (2013) y 75 por ciento (2014)<\/p>\n<p>2.- Desempleo: 15,4 por ciento (2010-2011), 15,4 por ciento (2012), 14,3 por ciento (2013) y 18,2 por ciento (2014).<\/p>\n<p>Y si Santos &#8220;se emputa, que se empute ese hp&#8221; cantaron los estudiantes mientras saltaban de alegr\u00eda porque ten\u00edan la oportunidad para decirle al Presidente, y en la cara, lo que siempre han querido manifestarle.<\/p>\n<p>Desde Bogot\u00e1 se conoci\u00f3 que Juan Manuel Santos anunci\u00f3 que convocar\u00e1 al consejo de ministros para estudiar la situaci\u00f3n de Norte de Santander, en general, y de C\u00facuta, en particular. La fecha ser\u00e1 definida en los pr\u00f3ximos d\u00edas y se espera que la reuni\u00f3n se lleve a cabo en la capital del departamento con participaci\u00f3n de los estamentos participantes en la marcha.<\/p>\n<p>Los oradores de turno tomaron el micr\u00f3fono y convirtieron la jornada en un &#8216;discursot\u00f3n&#8217;. Presentaron denuncias, elevaron quejas, asumieron responsabilidades, protestaron a grito entero, expusieron cifras y se dejaron contar. &#8220;Alcalde, mire bien; somo m\u00e1s de cien&#8221;, lo dijeron parados en la calle 11 entre avenidas 5 y 6.<\/p>\n<p><b>RAFAEL ANTONIO PAB\u00d3N<\/b><\/p>\n<p><b><a href=\"mailto:rafaelpabon58@hotmail.co\">rafaelpabon58@hotmail.co<\/a><\/b><\/p>\n<p><b>\u00a0<\/b> <\/p>\n","protected":false},"excerpt":{"rendered":"<p>C\u00daCUTA.- Los cucute\u00f1os, en buena cantidad, cumplieron con el paro organizado para salir a la calle a protestar. Cada sector ten\u00eda su &#8216;dolor&#8217; y lo expres\u00f3 en la marcha, que tuvo como punto de encuentro el parque Santander. &#8216;Porque C\u00facuta nos duele&#8217; fue el lema de la jornada de protesta, desestimada por el gobierno local &hellip;<\/p>\n","protected":false},"author":1,"featured_media":21214,"comment_status":"open","ping_status":"open","sticky":false,"template":"","format":"standard","meta":{"footnotes":""},"categories":[10,4],"tags":[318,1306],"class_list":["post-21213","post","type-post","status-publish","format-standard","has-post-thumbnail","hentry","category-cronicas","category-barra","tag-cucuta","tag-paro-del-3-de-abril"],"_links":{"self":[{"href":"https:\/\/contraluzcucuta.co\/index.php?rest_route=\/wp\/v2\/posts\/21213","targetHints":{"allow":["GET"]}}],"collection":[{"href":"https:\/\/contraluzcucuta.co\/index.php?rest_route=\/wp\/v2\/posts"}],"about":[{"href":"https:\/\/contraluzcucuta.co\/index.php?rest_route=\/wp\/v2\/types\/post"}],"author":[{"embeddable":true,"href":"https:\/\/contraluzcucuta.co\/index.php?rest_route=\/wp\/v2\/users\/1"}],"replies":[{"embeddable":true,"href":"https:\/\/contraluzcucuta.co\/index.php?rest_route=%2Fwp%2Fv2%2Fcomments&post=21213"}],"version-history":[{"count":1,"href":"https:\/\/contraluzcucuta.co\/index.php?rest_route=\/wp\/v2\/posts\/21213\/revisions"}],"predecessor-version":[{"id":21215,"href":"https:\/\/contraluzcucuta.co\/index.php?rest_route=\/wp\/v2\/posts\/21213\/revisions\/21215"}],"wp:featuredmedia":[{"embeddable":true,"href":"https:\/\/contraluzcucuta.co\/index.php?rest_route=\/wp\/v2\/media\/21214"}],"wp:attachment":[{"href":"https:\/\/contraluzcucuta.co\/index.php?rest_route=%2Fwp%2Fv2%2Fmedia&parent=21213"}],"wp:term":[{"taxonomy":"category","embeddable":true,"href":"https:\/\/contraluzcucuta.co\/index.php?rest_route=%2Fwp%2Fv2%2Fcategories&post=21213"},{"taxonomy":"post_tag","embeddable":true,"href":"https:\/\/contraluzcucuta.co\/index.php?rest_route=%2Fwp%2Fv2%2Ftags&post=21213"}],"curies":[{"name":"wp","href":"https:\/\/api.w.org\/{rel}","templated":true}]}}