{"id":21209,"date":"2014-04-02T23:18:01","date_gmt":"2014-04-03T04:18:01","guid":{"rendered":"http:\/\/contraluzcucuta.co\/?p=21209"},"modified":"2014-04-05T22:24:40","modified_gmt":"2014-04-06T03:24:40","slug":"remodelacion-del-aeropuerto-camilo-daza-inconformismo-cucuteno","status":"publish","type":"post","link":"https:\/\/contraluzcucuta.co\/?p=21209","title":{"rendered":"Remodelaci\u00f3n del aeropuerto Camilo Daza. Inconformismo cucute\u00f1o"},"content":{"rendered":"<p><b style=\"line-height: 1.5em;\">C\u00daCUTA.-<\/b><span style=\"line-height: 1.5em;\"> La ciudad tendr\u00e1 un aeropuerto con pistas internacionales, pero con infraestructura de barrio. La sentencia se dej\u00f3 escuchar en la reuni\u00f3n del Ministerio de Trasporte, el consorcio Aeropuertos Oriente, la Agencia Nacional de Infraestructura, la C\u00e1mara de Comercio y voceros de la regi\u00f3n.<\/span><\/p>\n<p>Al t\u00e9rmino del encuentro qued\u00f3 un sinsabor entre los cucute\u00f1os, porque no se siente satisfechos con Las obras que entregar\u00e1 la ministra Cecilia \u00c1lvarez, el 9 de abril, como est\u00e1 estipulado en el contrato. Ser\u00e1 un acto protocolario en el que prevalecer\u00e1 el inconformismo local.<\/p>\n<p>El presidente ejecutivo de la C\u00e1mara, Jos\u00e9 Miguel Gonz\u00e1lez, propuso aplazar la actividad de la semana entrante por considerarla inapropiada, teniendo en cuenta que los trabajos no satisfacen a plenitud a quienes llevan la vocer\u00eda de los habitantes de la capital de Norte de Santander.<\/p>\n<p>La espinita que qued\u00f3 es que hay mucho por mejorar. Hay espacios, aires acondicionados y otros asuntos que no se tuvieron en cuenta en los trabajos. \u201cLo que se hizo fue m\u00e1s reacomodaci\u00f3n del espacio actual\u201d, dijo Gonz\u00e1lez.<\/p>\n<p>La C\u00e1mara elabora un estudio \u2018juicioso\u2019 para lograr la ampliaci\u00f3n del contrato de obra, teniendo como base el ejercicio en el que se proyecte cu\u00e1nto ha sido el crecimiento de pasajeros y de carga para saber si las obras son o no suficientes para los pr\u00f3ximos 15 a\u00f1os.<\/p>\n<p>\u201cFuimos claros y contundentes con lo que consideramos que se debe hacer con el aeropuerto. Tenemos mucho inconformismo con lo que se entrega. Faltan obras y se lo hicimos saber al Gobierno y se lo vamos a comunicar a la ministra\u201d, afirm\u00f3 el presidente de la C\u00e1mara de Comercio.<\/p>\n<p>El ejemplo que se tiene es el acto de entrega del aeropuerto de Bucaramanga. En la \u2018Ciudad de los Parques\u2019 la Ministra prometi\u00f3 $ 60.000 millones para una segunda etapa de los trabajos. Para C\u00facuta se pretende conseguir la prolongaci\u00f3n del contrato.<\/p>\n<p>Lo que s\u00ed creemos es que esto puede servir como primer esfuerzo en las obras de modernizaci\u00f3n, pero faltan muchas obras adicionales para tener un aeropuerto adecuado para las necesidades y para el crecimiento de la ciudad\u201d, anot\u00f3 Jos\u00e9 Miguel Gonz\u00e1lez.<\/p>\n<p>La propuesta inmediata es que la entrega de las obras debe ir acompa\u00f1ada con un proyecto que cubra las necesidades de C\u00facuta. \u201cNo podemos recibirlo, y esa ser\u00e1 la posici\u00f3n de la regi\u00f3n. Se har\u00e1 una entrega de lo contenido en el contrato\u201d.<\/p>\n<p>Los gremios siempre han tenido objeciones al desarrollo de los trabajos. En la reuni\u00f3n se quejaron por la falta de voluntad del consorcio para atenderlos. C\u00e1mara de Comercio y Camacol coincidieron en que no tuvieron en cuenta algunas comunicaciones enviadas para conocer el proyecto.<\/p>\n<p>\u201cHemos manifestado en reiteradas ocasiones que las obras no son suficientes para el recibimiento de pasajeros y de carga que vive la ciudad y que hemos vivido en los \u00faltimos cinco a\u00f1os. Las obras no son suficientes para lo que necesita la ciudad\u201d.<\/p>\n<p><b>RAFAEL ANTONIO PAB\u00d3N<\/b><\/p>\n<p><b><a href=\"mailto:rafaelpabon58@hotmail.com\">rafaelpabon58@hotmail.com<\/a><\/b><\/p>\n<p><b>Foto: MARCO S\u00daA<\/b><\/p>\n<p><b>\u00a0<\/b> <\/p>\n","protected":false},"excerpt":{"rendered":"<p>C\u00daCUTA.- La ciudad tendr\u00e1 un aeropuerto con pistas internacionales, pero con infraestructura de barrio. La sentencia se dej\u00f3 escuchar en la reuni\u00f3n del Ministerio de Trasporte, el consorcio Aeropuertos Oriente, la Agencia Nacional de Infraestructura, la C\u00e1mara de Comercio y voceros de la regi\u00f3n. Al t\u00e9rmino del encuentro qued\u00f3 un sinsabor entre los cucute\u00f1os, porque &hellip;<\/p>\n","protected":false},"author":1,"featured_media":21210,"comment_status":"open","ping_status":"open","sticky":false,"template":"","format":"standard","meta":{"footnotes":""},"categories":[541,6],"tags":[189,375],"class_list":["post-21209","post","type-post","status-publish","format-standard","has-post-thumbnail","hentry","category-ciudad","category-ojo-avizor","tag-aeropuerto-camilo-daza","tag-camara-de-comercio-de-cucuta"],"_links":{"self":[{"href":"https:\/\/contraluzcucuta.co\/index.php?rest_route=\/wp\/v2\/posts\/21209","targetHints":{"allow":["GET"]}}],"collection":[{"href":"https:\/\/contraluzcucuta.co\/index.php?rest_route=\/wp\/v2\/posts"}],"about":[{"href":"https:\/\/contraluzcucuta.co\/index.php?rest_route=\/wp\/v2\/types\/post"}],"author":[{"embeddable":true,"href":"https:\/\/contraluzcucuta.co\/index.php?rest_route=\/wp\/v2\/users\/1"}],"replies":[{"embeddable":true,"href":"https:\/\/contraluzcucuta.co\/index.php?rest_route=%2Fwp%2Fv2%2Fcomments&post=21209"}],"version-history":[{"count":1,"href":"https:\/\/contraluzcucuta.co\/index.php?rest_route=\/wp\/v2\/posts\/21209\/revisions"}],"predecessor-version":[{"id":21211,"href":"https:\/\/contraluzcucuta.co\/index.php?rest_route=\/wp\/v2\/posts\/21209\/revisions\/21211"}],"wp:featuredmedia":[{"embeddable":true,"href":"https:\/\/contraluzcucuta.co\/index.php?rest_route=\/wp\/v2\/media\/21210"}],"wp:attachment":[{"href":"https:\/\/contraluzcucuta.co\/index.php?rest_route=%2Fwp%2Fv2%2Fmedia&parent=21209"}],"wp:term":[{"taxonomy":"category","embeddable":true,"href":"https:\/\/contraluzcucuta.co\/index.php?rest_route=%2Fwp%2Fv2%2Fcategories&post=21209"},{"taxonomy":"post_tag","embeddable":true,"href":"https:\/\/contraluzcucuta.co\/index.php?rest_route=%2Fwp%2Fv2%2Ftags&post=21209"}],"curies":[{"name":"wp","href":"https:\/\/api.w.org\/{rel}","templated":true}]}}