{"id":21205,"date":"2014-04-02T22:38:53","date_gmt":"2014-04-03T03:38:53","guid":{"rendered":"http:\/\/contraluzcucuta.co\/?p=21205"},"modified":"2014-04-05T18:08:59","modified_gmt":"2014-04-05T23:08:59","slug":"el-camilo-daza-no-es-el-aeropuerto-que-los-cucutenos-quieren","status":"publish","type":"post","link":"https:\/\/contraluzcucuta.co\/?p=21205","title":{"rendered":"El Camilo Daza no es el aeropuerto que los cucute\u00f1os quieren"},"content":{"rendered":"<p><b style=\"line-height: 1.5em;\">C\u00daCUTA.-<\/b><span style=\"line-height: 1.5em;\"> La cita estaba clara. El Ministerio de Trasporte y el consorcio Aeropuertos del Oriente explicar\u00edan lo concerniente a la inversi\u00f3n en las obras que se ejecutan en el Camilo Daza. Se\u00f1ores y se\u00f1oras venidos de Bogot\u00e1 tomaron la palabra y mostraron el avance de los trabajos. Los cucute\u00f1os, invitados por la C\u00e1mara de Comercio, escuchaban con atenci\u00f3n. Hasta que se escuch\u00f3 la voz discordante. \u00a0<\/span><\/p>\n<p>\u00c1lvaro Uribe, no el senador electo, sino el arquitecto cucute\u00f1o, no aguant\u00f3 m\u00e1s el silencio y tom\u00f3 la palabra. Dijo que los trabajos no eran dignos de una ciudad como C\u00facuta y que estaban dados para cualquiera de los 39 municipios restantes de Norte de Santander.<\/p>\n<p>La edificaci\u00f3n, luego de la remodelaci\u00f3n, acusa problemas de funcionalidad:<\/p>\n<p>1.- No hay circulaci\u00f3n vertical en el ala derecha<\/p>\n<p>2.- No hay \u00e1reas definidas para pasajeros<\/p>\n<p>3.- La parte destinada a restaurantes est\u00e1 mal dise\u00f1ada<\/p>\n<p>4.- La fachada no corresponde\u00a0 un aeropuerto de tierra caliente.<\/p>\n<p>El aeropuerto es la primera obra que ven los visitantes y da la imagen de la arquitectura de la ciudad, y esa imagen que proyecta despu\u00e9s de la remodelaci\u00f3n no es la mejor para C\u00facuta.<\/p>\n<p>\u201cEste no es el aeropuerto que los cucute\u00f1os quieren. No nos sentimos satisfechos\u201d, dijo el arquitecto Uribe. Despu\u00e9s de haber soportado tanta incomodidad los encargados de las obras entregan el aeropuerto en medio del rechazo de los voceros cucute\u00f1os.<\/p>\n<p>La inauguraci\u00f3n de las obras est\u00e1 prevista para el 9 de abril, con la ministra de trasporte Cecilia \u00c1lvarez a la cabeza. El pedido de la C\u00e1mara de Comercio es que se suspenda ese acto, porque no hay satisfacci\u00f3n plena para recibir el Camilo Daza. \u201cNo queremos inauguraci\u00f3n sino hasta cuando presentemos lo que realmente queremos\u201d.<\/p>\n<p>Lo que se ve, invertido o no el dinero, no es el resultado \u00f3ptimo de lo que se esperaba. Y para colmo de males, no se tuvieron en cuenta profesionales de la ciudad y la regi\u00f3n para el desarrollo de los trabajos. \u201cNadie en la ciudad conoci\u00f3 el proyecto\u201d, se quej\u00f3 el arquitecto \u00c1lvaro Uribe.<\/p>\n<p>El Camilo Daza, despu\u00e9s de las obras, se volvi\u00f3 un aeropuerto de tierra fr\u00eda, encerrado, sin iluminaci\u00f3n y con una fachada que no tiene nada que ver con C\u00facuta. Triste ser\u00e1 tener que ver c\u00f3mo demuelen lo hecho.<\/p>\n<p>\u201cLos cucute\u00f1os vamos a dejar de ser conformistas. Normalmente somos diplom\u00e1ticos para recibir las obras, pero hay cansancio de que nos est\u00e9n \u2018pordebajiando\u2019 en todo. Tenemos que comenzar a exigir como cualquier ciudad del pa\u00eds\u201d, concluy\u00f3 el hombre que mostr\u00f3 inconformismo y alz\u00f3 la voz para protestar por lo que quieren imponerle a la ciudad y que no es de buen agrado.<\/p>\n<p>RAFAEL ANTONIO PAB\u00d3N<\/p>\n<p>rafaelpabon58@hotmail.com<\/p>\n<p>Foto: MARCO S\u00daA<\/p>\n<p>&nbsp; <\/p>\n","protected":false},"excerpt":{"rendered":"<p>C\u00daCUTA.- La cita estaba clara. El Ministerio de Trasporte y el consorcio Aeropuertos del Oriente explicar\u00edan lo concerniente a la inversi\u00f3n en las obras que se ejecutan en el Camilo Daza. Se\u00f1ores y se\u00f1oras venidos de Bogot\u00e1 tomaron la palabra y mostraron el avance de los trabajos. Los cucute\u00f1os, invitados por la C\u00e1mara de Comercio, &hellip;<\/p>\n","protected":false},"author":1,"featured_media":21206,"comment_status":"open","ping_status":"open","sticky":false,"template":"","format":"standard","meta":{"footnotes":""},"categories":[541,36],"tags":[189,52,1305],"class_list":["post-21205","post","type-post","status-publish","format-standard","has-post-thumbnail","hentry","category-ciudad","category-la-voz-del-pueblo","tag-aeropuerto-camilo-daza","tag-camara-de-comercio-cucuta","tag-consorcio-aeropuertos-del-oriente"],"_links":{"self":[{"href":"https:\/\/contraluzcucuta.co\/index.php?rest_route=\/wp\/v2\/posts\/21205","targetHints":{"allow":["GET"]}}],"collection":[{"href":"https:\/\/contraluzcucuta.co\/index.php?rest_route=\/wp\/v2\/posts"}],"about":[{"href":"https:\/\/contraluzcucuta.co\/index.php?rest_route=\/wp\/v2\/types\/post"}],"author":[{"embeddable":true,"href":"https:\/\/contraluzcucuta.co\/index.php?rest_route=\/wp\/v2\/users\/1"}],"replies":[{"embeddable":true,"href":"https:\/\/contraluzcucuta.co\/index.php?rest_route=%2Fwp%2Fv2%2Fcomments&post=21205"}],"version-history":[{"count":1,"href":"https:\/\/contraluzcucuta.co\/index.php?rest_route=\/wp\/v2\/posts\/21205\/revisions"}],"predecessor-version":[{"id":21207,"href":"https:\/\/contraluzcucuta.co\/index.php?rest_route=\/wp\/v2\/posts\/21205\/revisions\/21207"}],"wp:featuredmedia":[{"embeddable":true,"href":"https:\/\/contraluzcucuta.co\/index.php?rest_route=\/wp\/v2\/media\/21206"}],"wp:attachment":[{"href":"https:\/\/contraluzcucuta.co\/index.php?rest_route=%2Fwp%2Fv2%2Fmedia&parent=21205"}],"wp:term":[{"taxonomy":"category","embeddable":true,"href":"https:\/\/contraluzcucuta.co\/index.php?rest_route=%2Fwp%2Fv2%2Fcategories&post=21205"},{"taxonomy":"post_tag","embeddable":true,"href":"https:\/\/contraluzcucuta.co\/index.php?rest_route=%2Fwp%2Fv2%2Ftags&post=21205"}],"curies":[{"name":"wp","href":"https:\/\/api.w.org\/{rel}","templated":true}]}}