{"id":21201,"date":"2014-04-02T21:25:15","date_gmt":"2014-04-03T02:25:15","guid":{"rendered":"http:\/\/contraluzcucuta.co\/?p=21201"},"modified":"2014-04-05T18:08:07","modified_gmt":"2014-04-05T23:08:07","slug":"el-camino-seis-horas-para-sentir-calor-humano","status":"publish","type":"post","link":"https:\/\/contraluzcucuta.co\/?p=21201","title":{"rendered":"El Camino. Seis horas para sentir calor humano"},"content":{"rendered":"<p><del><\/del><b>C\u00daCUTA.-<\/b> Mart\u00edn Manzano, director de la fundaci\u00f3n El Camino, es un hombre humanitario, dedicado a la labor social, con car\u00e1cter y autoridad. Es respetado por el liderazgo y la preocupaci\u00f3n por las comunidades de las calles. La organizaci\u00f3n se dirige a j\u00f3venes y adultos que participan en la rehabilitaci\u00f3n y quieren dejar a un lado las sustancias psicoactivas y el alcohol.<\/p>\n<p>Con 15 d\u00edas de anterioridad prepar\u00f3, junto a Nancy Ram\u00edrez, su mano derecha, la actividad que se llev\u00f3 a cabo, el 30 de marzo, en el Parque Lineal de C\u00facuta. Esta labor social la hacen tres veces al a\u00f1o en diferentes sectores de la ciudad. \u00a0Asistieron representantes de la Cruz Roja Colombiana, Cuerpo de Bomberos Voluntarios y Defensa Civil, y estilistas invitados por la fundaci\u00f3n. \u201cHubo colaboraci\u00f3n de algunas entidades o personas que sab\u00edan del evento\u201d, dijo Nancy Ram\u00edrez.<\/p>\n<p>La jornada inici\u00f3 a las 7:30 de la ma\u00f1ana y finaliz\u00f3 a la 1:00 de la tarde.\u00a0 Estas obras las hacen por gusto y no por compromiso. \u201cEsto es una bomba de tiempo. Ellos no tienen una condici\u00f3n de vida digna y nosotros, tristemente, no tenemos el espacio suficiente para albergarlos\u201d, dijo con tristeza. Levant\u00f3 la mirada llena de esperanza y continu\u00f3, \u201caunque no podamos albergarlos a todos, hacemos un esfuerzo para darles becas a al menos tres o cuatro personas a las que les veamos inter\u00e9s y compromiso para rehabilitarse y abrirles nuestras puertas\u201d.<\/p>\n<p>Entre las historias que escond\u00edan los rostros de los habitantes del parque est\u00e1 la de Jos\u00e9 Hern\u00e1ndez. Tiene familia y casa, pero le gusta llegar todos los d\u00edas al lugar, porque ah\u00ed encuentra comprensi\u00f3n y tranquilidad. \u201cMi familia no viene a buscarme, no les intereso\u201d, dijo resignado y baj\u00f3 la mirada.<\/p>\n<p>Juan Carlos tuvo una vida en desorden. A los 8 a\u00f1os empez\u00f3 a consumir marihuana, porque en la escuela se manejaban las drogas. \u201cLos profesores est\u00e1n pendientes de que no se peleen, pero no se preocupan qu\u00e9 hacen en los ratos libres\u201d, dijo con tono hilarante. \u201cEmpec\u00e9 a matar por dinero. En el momento uno no piensa en \u2018pobrecito, se va a morir\u2026\u2019 \u00a1No! Uno piensa es en matarlo r\u00e1pido para reclamar pronto el dinero\u201d.<\/p>\n<p>El cuerpo lleno de cicatrices refleja cada historia vivida. Decidi\u00f3 cambiar y entr\u00f3 a la Fundaci\u00f3n El Camino, con la que se siente profundamente agradecido, porque le brindaron apoyo sicol\u00f3gico y moral. Ahora, dice ser un hombre nuevo.<\/p>\n<p>Otra historia es la de Reinaldo Morales. Es tierno, tiene una sonrisa coqueta y es respetuoso. Lleg\u00f3 tarde, porque estaba de parranda tomando Caponera. \u201cMi mam\u00e1 me dijo: \u00a1Reinaldo, o se corta el pelo o se va de la casa! Y ac\u00e1 estoy\u201d, dijo mientras se\u00f1alaba las calles y el cabello largo. Aunque no dud\u00f3 en ponerle la cabeza a una estilista para que le cortara el cabello, porque estaba \u201cmuy guapa\u201d.<\/p>\n<p>Entre tantas historias se ve gente a la que \u00a0le falta cari\u00f1o y comprensi\u00f3n. Muchos parecen ni\u00f1os y est\u00e1n esperanzados en que se les solucionen sus inconvenientes. Muestran raspaduras, manchas, cortadas y explican la clase de enfermedad que padecen. As\u00ed buscan que los consientan, los cuiden y les solventen el problema que arrastran.<\/p>\n<p>Los delegados de la Cruz Roja Colombiana los tratan de manera amable y cuidadosa en la carpa de valoraci\u00f3n. El mayor momento de diversi\u00f3n, con seguridad, fue el del ba\u00f1o. El Cuerpo de Bomberos alist\u00f3 la manguera. Mart\u00edn Manzano con jab\u00f3n l\u00edquido en la mano ayud\u00f3 a ba\u00f1arlos para que quedaran limpios.<\/p>\n<p>Sin escr\u00fapulos, sin prejuicios y sin rechazo refreg\u00f3 las partes m\u00e1s sucias a uno por uno, de manera \u00e1gil. La alegr\u00eda manifiesta mientras disfrutaban el agua era inmensa, hac\u00edan bromas, re\u00edan. Unos mostraron verg\u00fcenza, otros pasaron desinhibidos. Al final, todos quedaron impecables.<\/p>\n<p>Despu\u00e9s del ba\u00f1o hicieron fila para reclamar ropa y vestirse. Aprovecharon el momento para mostrar el gusto por cierto color. Buscaron la talla precisa y se aseguraron que les quedara a la medida.<\/p>\n<p>Hubo danzas, evangelizaci\u00f3n, m\u00fasica, tiempo para agradecerles a \u00a0la fundaci\u00f3n El Camino, a Mart\u00edn Manzano y a Nancy Ram\u00edrez. Para finalizar la jornada, compartieron el almuerzo. Qued\u00f3 la satisfacci\u00f3n de ver rostros nuevos, llenos de alegr\u00eda y agradecidos.<\/p>\n<p><b>MILDRED MOLINA<\/b><\/p>\n<p><b><a href=\"mailto:mildred_periodismo_mms@hotmail.com\">mildred_periodismo_mms@hotmail.com<\/a><\/b><\/p>\n<p>&nbsp;<\/p>\n<p>&nbsp; <\/p>\n","protected":false},"excerpt":{"rendered":"<p>C\u00daCUTA.- Mart\u00edn Manzano, director de la fundaci\u00f3n El Camino, es un hombre humanitario, dedicado a la labor social, con car\u00e1cter y autoridad. Es respetado por el liderazgo y la preocupaci\u00f3n por las comunidades de las calles. La organizaci\u00f3n se dirige a j\u00f3venes y adultos que participan en la rehabilitaci\u00f3n y quieren dejar a un lado &hellip;<\/p>\n","protected":false},"author":1,"featured_media":21202,"comment_status":"open","ping_status":"open","sticky":false,"template":"","format":"standard","meta":{"footnotes":""},"categories":[74,10,45],"tags":[1304,93],"class_list":["post-21201","post","type-post","status-publish","format-standard","has-post-thumbnail","hentry","category-aula-universitaria","category-cronicas","category-destacado","tag-fundacion-el-camino","tag-parque-lineal"],"_links":{"self":[{"href":"https:\/\/contraluzcucuta.co\/index.php?rest_route=\/wp\/v2\/posts\/21201","targetHints":{"allow":["GET"]}}],"collection":[{"href":"https:\/\/contraluzcucuta.co\/index.php?rest_route=\/wp\/v2\/posts"}],"about":[{"href":"https:\/\/contraluzcucuta.co\/index.php?rest_route=\/wp\/v2\/types\/post"}],"author":[{"embeddable":true,"href":"https:\/\/contraluzcucuta.co\/index.php?rest_route=\/wp\/v2\/users\/1"}],"replies":[{"embeddable":true,"href":"https:\/\/contraluzcucuta.co\/index.php?rest_route=%2Fwp%2Fv2%2Fcomments&post=21201"}],"version-history":[{"count":1,"href":"https:\/\/contraluzcucuta.co\/index.php?rest_route=\/wp\/v2\/posts\/21201\/revisions"}],"predecessor-version":[{"id":21203,"href":"https:\/\/contraluzcucuta.co\/index.php?rest_route=\/wp\/v2\/posts\/21201\/revisions\/21203"}],"wp:featuredmedia":[{"embeddable":true,"href":"https:\/\/contraluzcucuta.co\/index.php?rest_route=\/wp\/v2\/media\/21202"}],"wp:attachment":[{"href":"https:\/\/contraluzcucuta.co\/index.php?rest_route=%2Fwp%2Fv2%2Fmedia&parent=21201"}],"wp:term":[{"taxonomy":"category","embeddable":true,"href":"https:\/\/contraluzcucuta.co\/index.php?rest_route=%2Fwp%2Fv2%2Fcategories&post=21201"},{"taxonomy":"post_tag","embeddable":true,"href":"https:\/\/contraluzcucuta.co\/index.php?rest_route=%2Fwp%2Fv2%2Ftags&post=21201"}],"curies":[{"name":"wp","href":"https:\/\/api.w.org\/{rel}","templated":true}]}}