{"id":21149,"date":"2014-03-29T11:18:11","date_gmt":"2014-03-29T16:18:11","guid":{"rendered":"http:\/\/contraluzcucuta.co\/?p=21149"},"modified":"2014-03-29T11:18:11","modified_gmt":"2014-03-29T16:18:11","slug":"tercer-salon-de-artes-infantiles-soy-talento","status":"publish","type":"post","link":"https:\/\/contraluzcucuta.co\/?p=21149","title":{"rendered":"Tercer sal\u00f3n de artes infantiles. \u2018Soy talento\u2019"},"content":{"rendered":"<p><b style=\"line-height: 1.5em;\">C\u00daCUTA.-<\/b><span style=\"line-height: 1.5em;\"> La fundaci\u00f3n Soy Talento, con apoyo de Aguas Kpital C\u00facuta, abrir\u00e1n el primero de abril la convocatoria para la tercera versi\u00f3n del \u00a0Sal\u00f3n de Artes Infantiles.La inscripci\u00f3n cerrar\u00e1 el 25 de mayo. El objetivo es descubrir talentos y promover los valores culturales de la ciudad.<\/span><\/p>\n<p>En esta ocasi\u00f3n el Sal\u00f3n ofrece a los asistentes un concurso fortalecido con el apoyo del Ministerio de Cultura, como respuesta a los resultados de las dos primeras muestras, que tuvieron 532 participantes. La comunidad manifest\u00f3 que se necesita este espacio social para la ni\u00f1ez cucute\u00f1a.<\/p>\n<p>Este a\u00f1o, la programaci\u00f3n contempla nueve talleres (tres por convocatoria), con el fin de apoyar los trabajos y la profundizaci\u00f3n de los temas abordados en la actividad. En cada disciplina se tendr\u00e1n dos talleres art\u00edsticos y la socializaci\u00f3n sicopedag\u00f3gica relacionada con el asunto familiar.<\/p>\n<p>Las categor\u00edas en las que pueden participar ni\u00f1os y adolescentes de 6 a 16 a\u00f1os se dividen en tres:<\/p>\n<p>1.- Pintura \u00bfC\u00f3mo influyen los medios de comunicaci\u00f3n en la familia?<\/p>\n<p>2.- Escritura. Violencia intrafamiliar<\/p>\n<p>3.- Collage la familia de tus sue\u00f1os.<\/p>\n<p>Los trabajos ser\u00e1n \u00a0premiados con becas de potencializaci\u00f3n de inteligencia.<\/p>\n<p>A la convocatoria est\u00e1n invitados escuelas y colegios para que se vinculen a las actividades. Los padres de familia podr\u00e1n acompa\u00f1ar a los hijos a descubrir el talento art\u00edstico y a despertar el sentido de pertenencia por la ciudad.<\/p>\n<p>&nbsp; <\/p>\n","protected":false},"excerpt":{"rendered":"<p>C\u00daCUTA.- La fundaci\u00f3n Soy Talento, con apoyo de Aguas Kpital C\u00facuta, abrir\u00e1n el primero de abril la convocatoria para la tercera versi\u00f3n del \u00a0Sal\u00f3n de Artes Infantiles.La inscripci\u00f3n cerrar\u00e1 el 25 de mayo. El objetivo es descubrir talentos y promover los valores culturales de la ciudad. En esta ocasi\u00f3n el Sal\u00f3n ofrece a los asistentes &hellip;<\/p>\n","protected":false},"author":1,"featured_media":21150,"comment_status":"open","ping_status":"open","sticky":false,"template":"","format":"standard","meta":{"footnotes":""},"categories":[45,37],"tags":[1270,1290,1291],"class_list":["post-21149","post","type-post","status-publish","format-standard","has-post-thumbnail","hentry","category-destacado","category-paseo-cultural","tag-aguas-kpital-cucuta","tag-fundacion-soy-talento","tag-salon-de-artes-infantiles"],"_links":{"self":[{"href":"https:\/\/contraluzcucuta.co\/index.php?rest_route=\/wp\/v2\/posts\/21149","targetHints":{"allow":["GET"]}}],"collection":[{"href":"https:\/\/contraluzcucuta.co\/index.php?rest_route=\/wp\/v2\/posts"}],"about":[{"href":"https:\/\/contraluzcucuta.co\/index.php?rest_route=\/wp\/v2\/types\/post"}],"author":[{"embeddable":true,"href":"https:\/\/contraluzcucuta.co\/index.php?rest_route=\/wp\/v2\/users\/1"}],"replies":[{"embeddable":true,"href":"https:\/\/contraluzcucuta.co\/index.php?rest_route=%2Fwp%2Fv2%2Fcomments&post=21149"}],"version-history":[{"count":1,"href":"https:\/\/contraluzcucuta.co\/index.php?rest_route=\/wp\/v2\/posts\/21149\/revisions"}],"predecessor-version":[{"id":21151,"href":"https:\/\/contraluzcucuta.co\/index.php?rest_route=\/wp\/v2\/posts\/21149\/revisions\/21151"}],"wp:featuredmedia":[{"embeddable":true,"href":"https:\/\/contraluzcucuta.co\/index.php?rest_route=\/wp\/v2\/media\/21150"}],"wp:attachment":[{"href":"https:\/\/contraluzcucuta.co\/index.php?rest_route=%2Fwp%2Fv2%2Fmedia&parent=21149"}],"wp:term":[{"taxonomy":"category","embeddable":true,"href":"https:\/\/contraluzcucuta.co\/index.php?rest_route=%2Fwp%2Fv2%2Fcategories&post=21149"},{"taxonomy":"post_tag","embeddable":true,"href":"https:\/\/contraluzcucuta.co\/index.php?rest_route=%2Fwp%2Fv2%2Ftags&post=21149"}],"curies":[{"name":"wp","href":"https:\/\/api.w.org\/{rel}","templated":true}]}}