{"id":21136,"date":"2014-03-26T21:03:24","date_gmt":"2014-03-27T02:03:24","guid":{"rendered":"http:\/\/contraluzcucuta.co\/?p=21136"},"modified":"2014-03-30T22:05:59","modified_gmt":"2014-03-31T03:05:59","slug":"sena-dispuso-ocho-aulas-moviles-para-norte-de-santander","status":"publish","type":"post","link":"https:\/\/contraluzcucuta.co\/?p=21136","title":{"rendered":"Sena dispuso ocho aulas m\u00f3viles para Norte de Santander"},"content":{"rendered":"<p><b style=\"line-height: 1.5em;\">C\u00daCUTA.-<\/b><span style=\"line-height: 1.5em;\"> Norte de Santander contar\u00e1 con ocho aulas m\u00f3viles, de las 117 destinadas para cubrir el pa\u00eds. En la adquisici\u00f3n de los veh\u00edculos se invirtieron m\u00e1s de $ 2000 millones y estar\u00e1n habilitados para llegar al mayor n\u00famero de habitantes en el departamento.<\/span><\/p>\n<p>Para C\u00facuta correspondieron las aulas m\u00f3viles de l\u00e1cteos, miner\u00eda y confecciones. La presentaci\u00f3n se cumpli\u00f3 en el parque Los Fundadores, en la avenida Gran Colombia con Diagonal Santander. Al acto asistieron representantes de la Agencia P\u00fablica de Empleo y la unidad de Emprendimiento del Sena.<\/p>\n<p>Los nortesantandereanos acceder\u00e1n, por medio de la Agencia, a las m\u00e1s de 16.000 vacantes que se ofrecer\u00e1n, dijo Sergio Ram\u00edrez, L\u00edder de la APE, en Norte de Santander.<\/p>\n<p>Por medio de esta estrategia el Sena ofrece 326 programas de formaci\u00f3n complementaria \u2013cada uno con duraci\u00f3n m\u00ednima de 40 horas\u2013 y 16 en formaci\u00f3n titulada.<\/p>\n<p>Las aulas m\u00f3viles operan a partir de una programaci\u00f3n anual preparada por los centros de formaci\u00f3n que las tienen bajo su responsabilidad. Dos semanas antes de llegar a cada destino se verifican, en compa\u00f1\u00eda de las autoridades locales, las condiciones del punto en el que se instalar\u00e1n.<\/p>\n<p>Las 117 aulas m\u00f3viles est\u00e1n acondicionadas a las necesidades del sector productivo colombiano. Este 26 de marzo, partieron desde las capitales de departamento a los lugares m\u00e1s alejados del pa\u00eds. Los veh\u00edculos llegar\u00e1n a 100.000 colombianos, en los pr\u00f3ximos meses. En la repotencializaci\u00f3n de los veh\u00edculos el Sena invirti\u00f3 $ 6895 millones.<\/p>\n<p>De manera simult\u00e1nea y durante una jornada de ocho horas, el Sena present\u00f3 las aulas en los principales parques y v\u00edas de Armenia, Barranquilla, Bogot\u00e1, Bucaramanga, Cali, Cartagena, Ch\u00eda (Cundinamarca), C\u00facuta, Ibagu\u00e9, Manizales, Medell\u00edn, Neiva, Riohacha, Valledupar, Villavicencio y Yopal.<\/p>\n<p>Los recursos destinados se utilizaron en la adecuaci\u00f3n mec\u00e1nica, latoner\u00eda, pintura y cambio de imagen de cada aula. Cada m\u00f3vil corresponde a una especialidad y est\u00e1 dotada con equipos e implementos para impartir los programas de formaci\u00f3n en cualquier punto de la geograf\u00eda nacional.<\/p>\n<p>A cada veh\u00edculo se le asignan un instructor, materiales de formaci\u00f3n, conductor, conectividad el\u00e9ctrica, y conectividad de internet, en caso de que sea necesario. <\/p>\n","protected":false},"excerpt":{"rendered":"<p>C\u00daCUTA.- Norte de Santander contar\u00e1 con ocho aulas m\u00f3viles, de las 117 destinadas para cubrir el pa\u00eds. En la adquisici\u00f3n de los veh\u00edculos se invirtieron m\u00e1s de $ 2000 millones y estar\u00e1n habilitados para llegar al mayor n\u00famero de habitantes en el departamento. Para C\u00facuta correspondieron las aulas m\u00f3viles de l\u00e1cteos, miner\u00eda y confecciones. La &hellip;<\/p>\n","protected":false},"author":1,"featured_media":21137,"comment_status":"open","ping_status":"open","sticky":false,"template":"","format":"standard","meta":{"footnotes":""},"categories":[556,32],"tags":[1286,159],"class_list":["post-21136","post","type-post","status-publish","format-standard","has-post-thumbnail","hentry","category-departamento","category-recorrido-por-la-region","tag-aulas-moviles","tag-sena"],"_links":{"self":[{"href":"https:\/\/contraluzcucuta.co\/index.php?rest_route=\/wp\/v2\/posts\/21136","targetHints":{"allow":["GET"]}}],"collection":[{"href":"https:\/\/contraluzcucuta.co\/index.php?rest_route=\/wp\/v2\/posts"}],"about":[{"href":"https:\/\/contraluzcucuta.co\/index.php?rest_route=\/wp\/v2\/types\/post"}],"author":[{"embeddable":true,"href":"https:\/\/contraluzcucuta.co\/index.php?rest_route=\/wp\/v2\/users\/1"}],"replies":[{"embeddable":true,"href":"https:\/\/contraluzcucuta.co\/index.php?rest_route=%2Fwp%2Fv2%2Fcomments&post=21136"}],"version-history":[{"count":1,"href":"https:\/\/contraluzcucuta.co\/index.php?rest_route=\/wp\/v2\/posts\/21136\/revisions"}],"predecessor-version":[{"id":21138,"href":"https:\/\/contraluzcucuta.co\/index.php?rest_route=\/wp\/v2\/posts\/21136\/revisions\/21138"}],"wp:featuredmedia":[{"embeddable":true,"href":"https:\/\/contraluzcucuta.co\/index.php?rest_route=\/wp\/v2\/media\/21137"}],"wp:attachment":[{"href":"https:\/\/contraluzcucuta.co\/index.php?rest_route=%2Fwp%2Fv2%2Fmedia&parent=21136"}],"wp:term":[{"taxonomy":"category","embeddable":true,"href":"https:\/\/contraluzcucuta.co\/index.php?rest_route=%2Fwp%2Fv2%2Fcategories&post=21136"},{"taxonomy":"post_tag","embeddable":true,"href":"https:\/\/contraluzcucuta.co\/index.php?rest_route=%2Fwp%2Fv2%2Ftags&post=21136"}],"curies":[{"name":"wp","href":"https:\/\/api.w.org\/{rel}","templated":true}]}}