{"id":21133,"date":"2014-03-26T20:30:35","date_gmt":"2014-03-27T01:30:35","guid":{"rendered":"http:\/\/contraluzcucuta.co\/?p=21133"},"modified":"2014-03-30T22:06:48","modified_gmt":"2014-03-31T03:06:48","slug":"35-billones-para-vias-de-norte-de-santander","status":"publish","type":"post","link":"https:\/\/contraluzcucuta.co\/?p=21133","title":{"rendered":"$ 3,5 billones para v\u00edas de Norte de Santander"},"content":{"rendered":"<p><b style=\"line-height: 1.5em;\">C\u00daCUTA.-<\/b><span style=\"line-height: 1.5em;\"> Tres y medio billones de pesos destinar\u00e1 el Gobierno, a partir del 2015, para Norte de Santander. Los recursos se invertir\u00e1n en los corredores viales Oca\u00f1a \u2013 Aguachica &#8211; Gamarra, Pamplona \u2013 C\u00facuta \u2013 Puerto Santander, C\u00facuta \u2013 Oca\u00f1a, Astilleros \u2013 Tib\u00fa \u2013 La Mata y Cuestaboba \u2013 Pamplona. Los trabajos completar\u00edan los proyectos de concesi\u00f3n de carreteras de Cuarta Generaci\u00f3n (4G).<\/span><\/p>\n<p>Ser\u00edan 553 kil\u00f3metros de carreteras departamentales los intervenidos. Los tramos Oca\u00f1a \u2013 C\u00facuta y Astilleros \u2013 Tib\u00fa \u2013 La Mata ser\u00e1n adjudicados en octubre. Las obras restantes culminar\u00e1n el proceso a principios del 2015.<\/p>\n<p>El viceministro de Infraestructura, Carlos Alberto Garc\u00eda Monsalve, visit\u00f3 la ciudad para rendir cuentas y hacerle seguimiento a las inversiones en las redes primaria, secundaria y terciaria.<\/p>\n<p>En la exposici\u00f3n participaron representantes de la Agencia Nacional de Infraestructura, Instituto Nacional de V\u00edas (Inv\u00edas) y Aerocivil. Destac\u00f3 el aumento en la destinaci\u00f3n presupuestal para las v\u00edas de Norte de Santander, por un bill\u00f3n de pesos.<\/p>\n<p>Las inversiones del Ministerio de Transporte son las siguientes:<\/p>\n<p>1.- Mantenimiento peri\u00f3dico de las v\u00edas, \u00a0$ 113.122 millones<\/p>\n<p>2.- Mantenimiento rutinario, $ 34.437 millones. Se ejecutaron $ 25.856 millones y en ejecuci\u00f3n en el corto plazo se adelantan procesos por $ 8581 millones.<\/p>\n<p>3.- Colombia Humanitaria, Unidad Nacional para la Gesti\u00f3n del Riesgo de Desastres (UNGRD) y Fondo Adaptaci\u00f3n, \u00a0$ 302.027 millones para atender las emergencias viales dejadas por la oleada invernal 2011-2012.<\/p>\n<p>Las inversiones en el periodo 2010-2014 son 78 % mayores que las efectuadas en los 8 a\u00f1os del gobierno anterior, lo cual representa $ 450.064 millones adicionales para Norte de Santander.<\/p>\n<p>4.- Caminos para la Prosperidad destin\u00f3 $ 138.800 millones desde el 2010 para la atenci\u00f3n de la red vial terciaria. $ 31.000 millones, se encuentran en ejecuci\u00f3n.<\/p>\n<p>5.- Infraestructura aeroportuaria, $ 27.000 millones, en los aeropuertos de C\u00facuta y Oca\u00f1a. Destacan la adecuaci\u00f3n de espacios, mantenimiento de pistas, modernizaci\u00f3n de la terminal a\u00e9rea cucute\u00f1a.<\/p>\n<p>A partir de octubre, se invertir\u00e1n $ 10.000 millones en la construcci\u00f3n de las obras de seguridad para la Certificaci\u00f3n Internacional del Aeropuerto Camilo Daza.<\/p>\n<p>El viceministro Garc\u00eda Monsalve llam\u00f3 la atenci\u00f3n a las alcald\u00edas para que agilicen la ejecuci\u00f3n de los proyectos contratados con Inv\u00edas para la atenci\u00f3n de la red vial terciaria, en la que se invertir\u00e1n $ 60.000 millones.<\/p>\n<p>El 2 de abril, representantes de los gremios y funcionarios del Ministerio de Transporte se reunir\u00e1n en la C\u00e1mara de Comercio de C\u00facuta para revisar el proyecto de ampliaci\u00f3n del aeropuerto Camilo Daza.<\/p>\n<p>La ministra de Trasporte, Cecilia \u00c1lvarez Correa \u2013 Glen, el 10 de abril, dar\u00e1 a conocer en Oca\u00f1a los alcances de la concesi\u00f3n de la v\u00eda Oca\u00f1a-Aguachica-Gamarra y ver aspectos sobre el aeropuerto de esta localidad, el cual ha tenido algunas dificultades con los controladores a\u00e9reos y los bomberos aeron\u00e1uticos.<\/p>\n<p>&nbsp;<\/p>\n<p>&nbsp; <\/p>\n","protected":false},"excerpt":{"rendered":"<p>C\u00daCUTA.- Tres y medio billones de pesos destinar\u00e1 el Gobierno, a partir del 2015, para Norte de Santander. Los recursos se invertir\u00e1n en los corredores viales Oca\u00f1a \u2013 Aguachica &#8211; Gamarra, Pamplona \u2013 C\u00facuta \u2013 Puerto Santander, C\u00facuta \u2013 Oca\u00f1a, Astilleros \u2013 Tib\u00fa \u2013 La Mata y Cuestaboba \u2013 Pamplona. Los trabajos completar\u00edan los proyectos &hellip;<\/p>\n","protected":false},"author":1,"featured_media":21134,"comment_status":"open","ping_status":"open","sticky":false,"template":"","format":"standard","meta":{"footnotes":""},"categories":[556,6],"tags":[1284,1285],"class_list":["post-21133","post","type-post","status-publish","format-standard","has-post-thumbnail","hentry","category-departamento","category-ojo-avizor","tag-vias-de-norte-de-santander","tag-viceministerio-de-infraestructura"],"_links":{"self":[{"href":"https:\/\/contraluzcucuta.co\/index.php?rest_route=\/wp\/v2\/posts\/21133","targetHints":{"allow":["GET"]}}],"collection":[{"href":"https:\/\/contraluzcucuta.co\/index.php?rest_route=\/wp\/v2\/posts"}],"about":[{"href":"https:\/\/contraluzcucuta.co\/index.php?rest_route=\/wp\/v2\/types\/post"}],"author":[{"embeddable":true,"href":"https:\/\/contraluzcucuta.co\/index.php?rest_route=\/wp\/v2\/users\/1"}],"replies":[{"embeddable":true,"href":"https:\/\/contraluzcucuta.co\/index.php?rest_route=%2Fwp%2Fv2%2Fcomments&post=21133"}],"version-history":[{"count":1,"href":"https:\/\/contraluzcucuta.co\/index.php?rest_route=\/wp\/v2\/posts\/21133\/revisions"}],"predecessor-version":[{"id":21135,"href":"https:\/\/contraluzcucuta.co\/index.php?rest_route=\/wp\/v2\/posts\/21133\/revisions\/21135"}],"wp:featuredmedia":[{"embeddable":true,"href":"https:\/\/contraluzcucuta.co\/index.php?rest_route=\/wp\/v2\/media\/21134"}],"wp:attachment":[{"href":"https:\/\/contraluzcucuta.co\/index.php?rest_route=%2Fwp%2Fv2%2Fmedia&parent=21133"}],"wp:term":[{"taxonomy":"category","embeddable":true,"href":"https:\/\/contraluzcucuta.co\/index.php?rest_route=%2Fwp%2Fv2%2Fcategories&post=21133"},{"taxonomy":"post_tag","embeddable":true,"href":"https:\/\/contraluzcucuta.co\/index.php?rest_route=%2Fwp%2Fv2%2Ftags&post=21133"}],"curies":[{"name":"wp","href":"https:\/\/api.w.org\/{rel}","templated":true}]}}