{"id":21130,"date":"2014-03-26T19:37:22","date_gmt":"2014-03-27T00:37:22","guid":{"rendered":"http:\/\/contraluzcucuta.co\/?p=21130"},"modified":"2014-03-26T19:37:22","modified_gmt":"2014-03-27T00:37:22","slug":"festival-de-teatro-la-magia-llega-a-la-frontera","status":"publish","type":"post","link":"https:\/\/contraluzcucuta.co\/?p=21130","title":{"rendered":"Festival de Teatro. La magia llega a la frontera"},"content":{"rendered":"<p><b style=\"line-height: 1.5em;\">C\u00daCUTA.-<\/b><span style=\"line-height: 1.5em;\"> En C\u00facuta, Villa del Rosario, El Zulia y Bochalema, del 25 al 30 de marzo, se celebrar\u00e1 la fiesta teatral m\u00e1s importante del nororiente colombiano. El festival cuenta con la participaci\u00f3n de artistas regionales, nacionales e internacionales. Los cucute\u00f1os disfrutar\u00e1n de presentaciones de teatro, danza, t\u00edteres, narraci\u00f3n oral y talleres de formaci\u00f3n para todas las edades y gustos.<\/span><\/p>\n<p>La directora y representante legal de la Corporaci\u00f3n Cultural Frontera Aire, Nancy Garc\u00eda, dijo que \u201cesta es la quinta oportunidad para vivir la fiesta del teatro, un espacio para disfrutar de las maravillas de este arte\u201d. En marzo, se honra la profesi\u00f3n sobre las tablas, que se ha adue\u00f1ado con el paso del tiempo de un espacio importante en el entretenimiento y la cultura en el departamento.<\/p>\n<p>Los artistas de C\u00facuta y el \u00c1rea Metropolitana han tomado la iniciativa, desde el 2010, de celebrar el D\u00eda Internacional del Teatro. En realidad no es un solo d\u00eda, sino que concierta una programaci\u00f3n para varios d\u00edas de actividades.<\/p>\n<p>La celebraci\u00f3n est\u00e1 dispuesta en la Ley 1170, art\u00edculo 9: \u201cD\u00eda Internacional del teatro. Cel\u00e9brese el 27 de marzo, el D\u00eda del Teatro, como est\u00e1\u00a0 establecido a nivel mundial, desde hace varios a\u00f1os\u201d. Y \u201cel Estado, a trav\u00e9s de sus entidades territoriales, fomentar\u00e1 las artes en todas sus expresiones y las dem\u00e1s manifestaciones simb\u00f3licas expresivas, como elementos de di\u00e1logo, el intercambio, la participaci\u00f3n y como expresi\u00f3n libre y primordial del pensamiento del Ser Humano que construye en la convivencia pac\u00edfica\u201d, Ley 397 de 1997, art\u00edculo 17. La celebraci\u00f3n tiene como pretexto la proyecci\u00f3n y la apropiaci\u00f3n social del teatro en la ciudad.<\/p>\n<p>Santiago Garc\u00eda, maestro dramaturgo, director y fundador del teatro\u00a0 La Candelaria, expres\u00f3 que \u201cen este d\u00eda llamamos al mundo del teatro, a los actores y actrices de Colombia, a que\u00a0 no abandonen el barco de la creaci\u00f3n. Es el espacio donde no se naufraga. No es f\u00e1cil permanecer, porque es un sitio de riesgo, pero de satisfacci\u00f3n. Es el lugar desde donde podemos re\u00edr, incluso de las pasajeras pompas del poder\u201d.<\/p>\n<p>En 1948, por iniciativa de la Unesco y con sus auspicios se cre\u00f3 el Instituto Internacional de Teatro (IIT), organizaci\u00f3n destinada a fomentar y fortalecer la amistad entre los pueblos y las artes esc\u00e9nicas. Los hombres de este arte manifestaron la esperanza y la confianza en que el arte esc\u00e9nico estableciera lazos permanentes de solidaridad y comprensi\u00f3n entre los pa\u00edses.<\/p>\n<p>El Instituto estableci\u00f3 el 27 de marzo, como D\u00eda Internacional del Teatro, con el prop\u00f3sito de conservar la actividad esc\u00e9nica en el desarrollo de la cultura universal.<\/p>\n<p>Bexy \u00a0 Mendoza dijo que \u201cpara los teatreros de Norte de Santander est\u00e1 latiente el universo de las tablas. Aunque a veces nos sean adversas las circunstancias, existimos, nos morimos y nos resucitamos entre nosotros para volver a empezar. Cabalgamos en noches oscuras sin linternas, pero al fin siempre vivo nuestro producto le cumple a esta tierra\u201d.<\/p>\n<p>Cada a\u00f1o, una figura sobresaliente en la actividad art\u00edstica o una persona excepcional en coraz\u00f3n y esp\u00edritu, es reconocida por su trayectoria. Este a\u00f1o, seg\u00fan Luis Carlos Clavijo, el homenajeado ser\u00e1 Yesid Alarc\u00f3n, director del grupo de t\u00edteres Nono Y\u00e9, Omas\u00e9.<\/p>\n<p>Los protagonistas de este espect\u00e1culo y los asistentes se reunir\u00e1n para llorar y recordar, para re\u00edr y contemplar, para aprender\u00a0 e imaginar. Se maravillar\u00e1n de la destreza t\u00e9cnica y\u00a0 encarnar\u00e1n\u00a0 dioses. Celebrar\u00e1n la riqueza de las culturas y para disolver las fronteras que\u00a0 dividen.<\/p>\n<p>El proyecto ha crecido y se han sumado numerosos artistas teatrales de la regi\u00f3n. Trino Alvernia, del grupo La Playa, coment\u00f3 que \u201ces una fecha especial para el arte, la cultura y el esp\u00edritu. Es un legado que viene fundamentado desde Grecia. El teatro es un estilo de vida. Deber\u00eda celebrarse todos los d\u00edas. Este arte es universal, es un verdadero dios\u201d.<\/p>\n<p>Este a\u00f1o, los organizadores recibieron 31 propuestas para participar.<\/p>\n<p><b>1.- Grupos Regionales (15)<\/b>: Oca\u00f1a: Estudio Trinidad Pacheco; Hacar\u00ed: Hijos del Arte y Escuela de Teatro\u00a0\u00a0 Caja M\u00e1gica; C\u00facuta: Teatro Explorarte, Teatro T.I.C., Teatro Atahualpa, Real Academia del Teatro, Teatro Unilibre, Teatro de T\u00edteres El Retablo de Don Camilo, Corpomudarte, Teatro de T\u00edteres Nono Y\u00e9, Omas\u00e9, Tato Acosta, \u00a0y Teatro de T\u00edteres Manotas; El Zulia: 1, 2, Tez Teatro; Bochalema: Escuela la Casa de Los Sue\u00f1os; \u00a0(Bochalema),<\/p>\n<p><b>2.- Grupos Nacionales (2):<\/b> Colectivo Teatral Inti Amaru (Bogot\u00e1), Infusi\u00f3n Colectivo (Medell\u00edn).<\/p>\n<p><b>3.- Grupos internacionales (6)<\/b>: Venezuela: Fundaci\u00f3n Teatro Popular El Tabl\u00f3n, Pathmon Producciones y El Mago Grecco; Argentina: Sin Testigos Teatro; M\u00e9xico: Los desesperados Teatro, y Brasil: Teatro F\u00edsico A Peste, CIA (Brasil).<\/p>\n<p>Nelson Gerardo Palencia, artista pl\u00e1stico, dijo que \u201ces bueno que se presenten estas actividades en la ciudad, porque son escasos los actos culturales y los espacios para presentarlos. Es importante que se promuevan estas manifestaciones art\u00edsticas y los espectadores conozcan y se formen culturalmente. Se genera amor por lo propio y por el departamento\u201d.<\/p>\n<p>Este a\u00f1o la imagen del Festival ser\u00e1 donada por el maestro Tilso Rueda Vaca, director de la Casa de la Cultura de El Zulia y artista de teatro. \u201cEl apoyo de las empresas privadas\u00a0 ha sido fundamental para generar alianzas y estrategias para presenciar los productos que se tienen en la regi\u00f3n\u201d, dijo Nancy Garc\u00eda.<\/p>\n<p>En la primera versi\u00f3n, en el 2010, la asistencia del p\u00fablico \u00a0fue de 1400, en el 2013, acudieron 9500 espectadores. Este a\u00f1o, se espera la participaci\u00f3n masiva de la ciudadan\u00eda.\u00a0 Las presentaciones tendr\u00e1n entrada libre.<\/p>\n<p>La programaci\u00f3n se llevar\u00e1 a cabo en el Teatro Zulima, Teatro Municipal, Auditorio Cote Lamus, Casa del General Santander (Villa del Rosario), Casa de la Juventud (Atalaya), Teatro Manotas (San Mart\u00edn), Parque La Victoria (Col\u00f3n), Biblioteca P\u00fablica Julio P\u00e9rez Ferrero, El Zulia y Bochalema.<\/p>\n<p><b>NEREYDA DUARTE G\u00d3MEZ<\/b><\/p>\n<p><b>NOHEM\u00cd BOTERO GARC\u00cdA<\/b><\/p>\n<p><b>Estudiantes de Comunicaci\u00f3n Social<\/b><\/p>\n<p><b>Universidad de Pamplona<\/b><\/p>\n<p><b>Campus de Villa del Rosario<\/b><\/p>\n<p>&nbsp; <\/p>\n","protected":false},"excerpt":{"rendered":"<p>C\u00daCUTA.- En C\u00facuta, Villa del Rosario, El Zulia y Bochalema, del 25 al 30 de marzo, se celebrar\u00e1 la fiesta teatral m\u00e1s importante del nororiente colombiano. El festival cuenta con la participaci\u00f3n de artistas regionales, nacionales e internacionales. Los cucute\u00f1os disfrutar\u00e1n de presentaciones de teatro, danza, t\u00edteres, narraci\u00f3n oral y talleres de formaci\u00f3n para todas &hellip;<\/p>\n","protected":false},"author":1,"featured_media":21131,"comment_status":"open","ping_status":"open","sticky":false,"template":"","format":"standard","meta":{"footnotes":""},"categories":[4,37],"tags":[1283],"class_list":["post-21130","post","type-post","status-publish","format-standard","has-post-thumbnail","hentry","category-barra","category-paseo-cultural","tag-festival-de-teatro-en-cucuta"],"_links":{"self":[{"href":"https:\/\/contraluzcucuta.co\/index.php?rest_route=\/wp\/v2\/posts\/21130","targetHints":{"allow":["GET"]}}],"collection":[{"href":"https:\/\/contraluzcucuta.co\/index.php?rest_route=\/wp\/v2\/posts"}],"about":[{"href":"https:\/\/contraluzcucuta.co\/index.php?rest_route=\/wp\/v2\/types\/post"}],"author":[{"embeddable":true,"href":"https:\/\/contraluzcucuta.co\/index.php?rest_route=\/wp\/v2\/users\/1"}],"replies":[{"embeddable":true,"href":"https:\/\/contraluzcucuta.co\/index.php?rest_route=%2Fwp%2Fv2%2Fcomments&post=21130"}],"version-history":[{"count":1,"href":"https:\/\/contraluzcucuta.co\/index.php?rest_route=\/wp\/v2\/posts\/21130\/revisions"}],"predecessor-version":[{"id":21132,"href":"https:\/\/contraluzcucuta.co\/index.php?rest_route=\/wp\/v2\/posts\/21130\/revisions\/21132"}],"wp:featuredmedia":[{"embeddable":true,"href":"https:\/\/contraluzcucuta.co\/index.php?rest_route=\/wp\/v2\/media\/21131"}],"wp:attachment":[{"href":"https:\/\/contraluzcucuta.co\/index.php?rest_route=%2Fwp%2Fv2%2Fmedia&parent=21130"}],"wp:term":[{"taxonomy":"category","embeddable":true,"href":"https:\/\/contraluzcucuta.co\/index.php?rest_route=%2Fwp%2Fv2%2Fcategories&post=21130"},{"taxonomy":"post_tag","embeddable":true,"href":"https:\/\/contraluzcucuta.co\/index.php?rest_route=%2Fwp%2Fv2%2Ftags&post=21130"}],"curies":[{"name":"wp","href":"https:\/\/api.w.org\/{rel}","templated":true}]}}