{"id":21127,"date":"2014-03-26T18:33:04","date_gmt":"2014-03-26T23:33:04","guid":{"rendered":"http:\/\/contraluzcucuta.co\/?p=21127"},"modified":"2014-03-26T18:33:05","modified_gmt":"2014-03-26T23:33:05","slug":"treinta-reinsertados-se-graduaran-en-diplomado-en-paz","status":"publish","type":"post","link":"https:\/\/contraluzcucuta.co\/?p=21127","title":{"rendered":"Treinta reinsertados se graduar\u00e1n en diplomado en paz"},"content":{"rendered":"<p><b style=\"line-height: 1.5em;\">C\u00daCUTA.-<\/b><span style=\"line-height: 1.5em;\"> Treinta desmovilizados en proceso de reintegraci\u00f3n se graduar\u00e1n del diplomado \u2018La paz es el camino: inclusi\u00f3n social, convivencia y reconciliaci\u00f3n desde la perspectiva de una pedagog\u00eda para la paz\u2019. El acto se llevar\u00e1 a cabo en\u00a0\u00a0 la Universidad Francisco de Paula Santander, el 29 de marzo.<\/span><\/p>\n<p>Junto a esa poblaci\u00f3n recibir\u00e1n el t\u00edtulo 180 habitantes del barrio Sim\u00f3n Bol\u00edvar, en la Comuna 6. La propuesta es del Modelo de Reintegraci\u00f3n Comunitaria (MRC) en la Agencia Colombiana para la Reintegraci\u00f3n en Norte de Santander para construir paz.<\/p>\n<p>El MRC permite desarrollar un proyecto que beneficie a la comunidad receptora de hombres y mujeres en proceso de reintegraci\u00f3n, que dejaron las armas y tomaron el camino de la construcci\u00f3n de paz.<\/p>\n<p>El diplomado es una propuesta acad\u00e9mica de profundizaci\u00f3n de los lineamientos del Modelo, que ha propuesto un enfoque de reconciliaci\u00f3n, arte como construcci\u00f3n de cultura de paz y una orientaci\u00f3n diferencial desde los elementos pedag\u00f3gicos del enfoque de paz y vida.<\/p>\n<p>En la b\u00fasqueda de sensibilizar a la poblaci\u00f3n se ha implementado que en los grupos focales de retroalimentaci\u00f3n de la experiencia del diplomado participen quienes est\u00e9n en proceso de reintegraci\u00f3n.<\/p>\n<p>Despu\u00e9s de la etapa de formaci\u00f3n \u00a0se adelantar\u00e1 la estrategia de multiplicaci\u00f3n, que consiste en que los beneficiados con el diplomado ense\u00f1en lo aprendido en clubes comunitarios.<\/p>\n<p>Los clubes comunitarios constituyen la apuesta pedag\u00f3gica del enfoque paz y vida como estrategia de multiplicaci\u00f3n, con la posibilidad de creaci\u00f3n de un tejido social, mediante espacios de participaci\u00f3n colectiva con el prop\u00f3sito de\u00a0 construir y visibilizar escenarios de paz, presentes en individuos, familias y comunidades beneficiarias del proyecto.<\/p>\n<p>Estos escenarios ayudar\u00e1n a garantizar el impacto del proyecto de Reintegraci\u00f3n Comunitaria y la sostenibilidad.<\/p>\n<p>El MRC es desarrollado por la Agencia Colombiana para la Reintegraci\u00f3n en Tierralta y Valencia (C\u00f3rdoba), Florencia (Caquet\u00e1), Yacop\u00ed (Cundinamarca), La Dorada (Caldas), Villavicencio (Meta) y Cali y Palmira (Valle).<\/p>\n<p>&nbsp; <\/p>\n","protected":false},"excerpt":{"rendered":"<p>C\u00daCUTA.- Treinta desmovilizados en proceso de reintegraci\u00f3n se graduar\u00e1n del diplomado \u2018La paz es el camino: inclusi\u00f3n social, convivencia y reconciliaci\u00f3n desde la perspectiva de una pedagog\u00eda para la paz\u2019. El acto se llevar\u00e1 a cabo en\u00a0\u00a0 la Universidad Francisco de Paula Santander, el 29 de marzo. Junto a esa poblaci\u00f3n recibir\u00e1n el t\u00edtulo 180 &hellip;<\/p>\n","protected":false},"author":1,"featured_media":21128,"comment_status":"open","ping_status":"open","sticky":false,"template":"","format":"standard","meta":{"footnotes":""},"categories":[4,5],"tags":[1282,1281,229],"class_list":["post-21127","post","type-post","status-publish","format-standard","has-post-thumbnail","hentry","category-barra","category-justicia-transicional","tag-agencia-colombiana-para-la-reintegracion-en-norte-de-santander","tag-modelo-de-reintegracion-comunitaria","tag-ufps"],"_links":{"self":[{"href":"https:\/\/contraluzcucuta.co\/index.php?rest_route=\/wp\/v2\/posts\/21127","targetHints":{"allow":["GET"]}}],"collection":[{"href":"https:\/\/contraluzcucuta.co\/index.php?rest_route=\/wp\/v2\/posts"}],"about":[{"href":"https:\/\/contraluzcucuta.co\/index.php?rest_route=\/wp\/v2\/types\/post"}],"author":[{"embeddable":true,"href":"https:\/\/contraluzcucuta.co\/index.php?rest_route=\/wp\/v2\/users\/1"}],"replies":[{"embeddable":true,"href":"https:\/\/contraluzcucuta.co\/index.php?rest_route=%2Fwp%2Fv2%2Fcomments&post=21127"}],"version-history":[{"count":1,"href":"https:\/\/contraluzcucuta.co\/index.php?rest_route=\/wp\/v2\/posts\/21127\/revisions"}],"predecessor-version":[{"id":21129,"href":"https:\/\/contraluzcucuta.co\/index.php?rest_route=\/wp\/v2\/posts\/21127\/revisions\/21129"}],"wp:featuredmedia":[{"embeddable":true,"href":"https:\/\/contraluzcucuta.co\/index.php?rest_route=\/wp\/v2\/media\/21128"}],"wp:attachment":[{"href":"https:\/\/contraluzcucuta.co\/index.php?rest_route=%2Fwp%2Fv2%2Fmedia&parent=21127"}],"wp:term":[{"taxonomy":"category","embeddable":true,"href":"https:\/\/contraluzcucuta.co\/index.php?rest_route=%2Fwp%2Fv2%2Fcategories&post=21127"},{"taxonomy":"post_tag","embeddable":true,"href":"https:\/\/contraluzcucuta.co\/index.php?rest_route=%2Fwp%2Fv2%2Ftags&post=21127"}],"curies":[{"name":"wp","href":"https:\/\/api.w.org\/{rel}","templated":true}]}}