{"id":21118,"date":"2014-03-24T18:26:19","date_gmt":"2014-03-24T23:26:19","guid":{"rendered":"http:\/\/contraluzcucuta.co\/?p=21118"},"modified":"2014-03-30T22:08:01","modified_gmt":"2014-03-31T03:08:01","slug":"jose-francisco-palacio-vivo-una-vida-tenaz","status":"publish","type":"post","link":"https:\/\/contraluzcucuta.co\/?p=21118","title":{"rendered":"Jos\u00e9 Francisco Palacio. \u201cVivo una vida tenaz\u201d"},"content":{"rendered":"<p><b style=\"line-height: 1.5em;\">C\u00daCUTA.-<\/b><span style=\"line-height: 1.5em;\"> El 26 de octubre de 1999,\u00a0 comenz\u00f3 otra vida para Jos\u00e9 Francisco Palacio Acosta y sus tres hijos. Ese d\u00eda salieron a las carreras de La Gabarra, donde viv\u00edan, y se convirtieron en otras v\u00edctimas de la violencia. Ciento setentaitr\u00e9s meses despu\u00e9s, no han salido de esa condici\u00f3n y arrastran el dolor del menosprecio estatal y el desprecio de la sociedad.<\/span><\/p>\n<p>Este hombre, nacido en \u00c1brego (Norte de Santander) hace 52 a\u00f1os, conserva el acento de los oriundos de la provincia de Oca\u00f1a. El rostro deja ver las marcas del sufrimiento, la voz se le quiebra al relatar el viacrucis y los ojos enrojecen, porque no quieren que otra l\u00e1grima ruede por las mejillas envejecidas y arrugadas.<\/p>\n<p>Al principio de la huida, a pie por entre el monte, afrontaron las inclemencias de la soledad y pasaron hambre. El cuerpo les ard\u00eda por las quemaduras que les provocaron las fumigaciones \u00e1reas. Las aspersiones con glifosato ten\u00edan como objetivo acabar con los cultivos de matas de coca y terminaron con la alegr\u00eda de Jos\u00e9 Francisco y sus hijos.<\/p>\n<p>El largo y penoso caminar los llev\u00f3 a la ciudad donde no los recibi\u00f3 alguna de las instituciones creadas para atender a los desplazados por los grupos armados. En Tib\u00fa les entregaron el carn\u00e9 del Sisb\u00e9n y los enviaron a C\u00facuta, donde busc\u00f3 ayuda en la Procuradur\u00eda, la Contralor\u00eda, la Defensor\u00eda del Pueblo, Bienestar Familiar, Gobernaci\u00f3n y Alcald\u00eda. Golpe\u00f3 a las puertas y las encontr\u00f3 cerradas.<\/p>\n<p>&#8211;\u00a0\u00a0\u00a0\u00a0\u00a0\u00a0\u00a0\u00a0 <i>Lo \u00fanico que les daba era asco, cuando me arrimaba con los tres ni\u00f1os, de uno, cinco y seis a\u00f1os. No recib\u00ed ni un vaso de agua.<\/i><\/p>\n<p>&nbsp;<\/p>\n<p>Cont\u00f3 la historia una y otra vez en procura de apoyo. Los cucute\u00f1os, indiferentes, lo vieron deambular y tampoco tuvieron un gesto de solidaridad para tenderle la mano. Hasta que alguien los mont\u00f3 en un carro y los llev\u00f3 a Migraciones. En esa casa vivieron 45 d\u00edas, recib\u00edan una raci\u00f3n de comida diaria.<\/p>\n<p>En el peregrinar, los ni\u00f1os pasaron por el Asilo Andressen y en una escuela de la Libertad intentaron aprender a leer y escribir. Hoy, cuando son mayorcitos, no conocen las bondades que ofrece la preparaci\u00f3n primaria. Ni siquiera han podido so\u00f1ar con llegar a la universidad.<\/p>\n<p>Jos\u00e9 Francisco narra con emoci\u00f3n estas experiencias. Las palabras forman frases que salen con dificultad. La mirada est\u00e1 perdida, como las ilusiones por darles un presente seguro a los muchachos. Y ni pensar en que el futuro pueda mejorarles la existencia. En ese af\u00e1n viaj\u00f3 a Venezuela. Se ofreci\u00f3 como obrero, como jornalero, quer\u00eda trabajar.<\/p>\n<p>De vez en cuando regresaba a C\u00facuta para enterarse del avance del proceso. Lo \u00fanico que obten\u00eda como respuesta eran amenazas y ofensas proferidas por los funcionarios encargados de buscarle una soluci\u00f3n a su caso de desplazado.<\/p>\n<p>&#8211;\u00a0\u00a0\u00a0\u00a0\u00a0\u00a0\u00a0\u00a0 <i>Me dec\u00edan que si yo cre\u00eda que el Estado me iba a mantener o que si cre\u00eda que me la iba a pasar como amenazado toda la vida.<\/i><\/p>\n<p><i>\u00a0<\/i><\/p>\n<p>En Venezuela lo humillaron. Lo trataron de vividor, le dijeron que estaba quit\u00e1ndoles el alimento a ni\u00f1os que de verdad lo necesitaban, que en Colombia como desplazados lo ten\u00edan todo, que el Estado los ayudaba. Todo result\u00f3 invenci\u00f3n de los empleados, porque es la hora y no conoce un l\u00e1piz que le haya regalado una instituci\u00f3n colombiana.<\/p>\n<p>En una bolsa pl\u00e1stica, negra, guarda documentos con los que comprueba que lo que dice es verdad. Saca las copias y las muestra. Se\u00f1ala las que no lo dejan mentir. Uno de esos papeles da cuenta de \u00fatiles escolares recibidos. Cuando pregunta en qu\u00e9 momentos se los entregaron, nadie responde.<\/p>\n<p>En los 14 a\u00f1os que Jos\u00e9 Francisco cumpli\u00f3 como errante, no ha recibido en ayuda material m\u00e1s de $ 600.000. En diciembre del 2013, recibi\u00f3 $ 250.000. Para acceder a esos recursos debi\u00f3 interponer tres tutelas. Y para colmo de males, en el recibido aparece que le dieron $ 270.000. Por el camino se extraviaron $ 20.000.<\/p>\n<p>La apariencia f\u00edsica de este hombre no es la mejor. Visto a las carreras parece indigente. La imagen que proyecta la corrobora la vestimenta. Camisa arremangada, bluy\u00edn y zapatos sucios. Olor agrio por el sudor, barba de varios d\u00edas y desprovisto de dentadura. Explic\u00f3 que los dientes se le cayeron a ra\u00edz del glifosato.<\/p>\n<p>Buena parte de los \u00faltimos d\u00edas los ha vivido en la calle. Ahora, vive a la orilla del r\u00edo. La esposa se fue de su lado hace muchos a\u00f1os, antes de comenzar la tragedia. La violencia le destruy\u00f3 el hogar. Los hijos lo han abandonado poco a poco. El mayor est\u00e1 por ah\u00ed y a los otros dos de vez en cuando los ve. Breider tiene 21 a\u00f1os, no tiene estudio ni futuro; Andr\u00e9s Eduardo, 20, y Jos\u00e9 David, 16.\u00a0 Est\u00e1n regados, sin proyectos, sin nada.<\/p>\n<p>&#8211;\u00a0\u00a0\u00a0\u00a0\u00a0\u00a0\u00a0\u00a0 <i>Me tienen destruido desde el 2001, teniendo una carta de desplazado que me entregaron cuando salimos de Migraci\u00f3n.<\/i><\/p>\n<p><b>RAFAEL ANTONIO PAB\u00d3N<\/b><\/p>\n<p><a href=\"mailto:rafaelpabon58@hotmail.com\"><b>rafaelpabon58@hotmail.com<\/b><\/a><b><\/b> <\/p>\n","protected":false},"excerpt":{"rendered":"<p>C\u00daCUTA.- El 26 de octubre de 1999,\u00a0 comenz\u00f3 otra vida para Jos\u00e9 Francisco Palacio Acosta y sus tres hijos. Ese d\u00eda salieron a las carreras de La Gabarra, donde viv\u00edan, y se convirtieron en otras v\u00edctimas de la violencia. Ciento setentaitr\u00e9s meses despu\u00e9s, no han salido de esa condici\u00f3n y arrastran el dolor del menosprecio &hellip;<\/p>\n","protected":false},"author":1,"featured_media":21119,"comment_status":"open","ping_status":"open","sticky":false,"template":"","format":"standard","meta":{"footnotes":""},"categories":[17,10,36],"tags":[696],"class_list":["post-21118","post","type-post","status-publish","format-standard","has-post-thumbnail","hentry","category-conversaciones-a-contraluz","category-cronicas","category-la-voz-del-pueblo","tag-victimas-de-la-violencia-en-norte-de-santander"],"_links":{"self":[{"href":"https:\/\/contraluzcucuta.co\/index.php?rest_route=\/wp\/v2\/posts\/21118","targetHints":{"allow":["GET"]}}],"collection":[{"href":"https:\/\/contraluzcucuta.co\/index.php?rest_route=\/wp\/v2\/posts"}],"about":[{"href":"https:\/\/contraluzcucuta.co\/index.php?rest_route=\/wp\/v2\/types\/post"}],"author":[{"embeddable":true,"href":"https:\/\/contraluzcucuta.co\/index.php?rest_route=\/wp\/v2\/users\/1"}],"replies":[{"embeddable":true,"href":"https:\/\/contraluzcucuta.co\/index.php?rest_route=%2Fwp%2Fv2%2Fcomments&post=21118"}],"version-history":[{"count":1,"href":"https:\/\/contraluzcucuta.co\/index.php?rest_route=\/wp\/v2\/posts\/21118\/revisions"}],"predecessor-version":[{"id":21120,"href":"https:\/\/contraluzcucuta.co\/index.php?rest_route=\/wp\/v2\/posts\/21118\/revisions\/21120"}],"wp:featuredmedia":[{"embeddable":true,"href":"https:\/\/contraluzcucuta.co\/index.php?rest_route=\/wp\/v2\/media\/21119"}],"wp:attachment":[{"href":"https:\/\/contraluzcucuta.co\/index.php?rest_route=%2Fwp%2Fv2%2Fmedia&parent=21118"}],"wp:term":[{"taxonomy":"category","embeddable":true,"href":"https:\/\/contraluzcucuta.co\/index.php?rest_route=%2Fwp%2Fv2%2Fcategories&post=21118"},{"taxonomy":"post_tag","embeddable":true,"href":"https:\/\/contraluzcucuta.co\/index.php?rest_route=%2Fwp%2Fv2%2Ftags&post=21118"}],"curies":[{"name":"wp","href":"https:\/\/api.w.org\/{rel}","templated":true}]}}