{"id":21115,"date":"2014-03-24T18:15:04","date_gmt":"2014-03-24T23:15:04","guid":{"rendered":"http:\/\/contraluzcucuta.co\/?p=21115"},"modified":"2014-03-24T18:15:04","modified_gmt":"2014-03-24T23:15:04","slug":"industriales-del-calzado-le-apuestan-a-la-reconquista-de-colombia","status":"publish","type":"post","link":"https:\/\/contraluzcucuta.co\/?p=21115","title":{"rendered":"Industriales del calzado le apuestan a la reconquista de Colombia"},"content":{"rendered":"<p><b style=\"line-height: 1.5em;\">C\u00daCUTA.-<\/b><span style=\"line-height: 1.5em;\"> Han pasado 25 a\u00f1os desde cuando C\u00facuta era la ciudad que calzaba a Colombia. Muchos factores incidieron para que se perdiera esa condici\u00f3n y otras ciudades llenaron el vac\u00edo dejado por los cucute\u00f1os. Ahora, los productores buscan recuperar el tiempo.<\/span><\/p>\n<p>Entre otras circunstancias adversas aparecen:<\/p>\n<p>1.- El punto d\u00e9bil de los productores es el individualismo. Para superarlo empezaron el proceso de fortalecimiento y de asociaci\u00f3n.<\/p>\n<p>2.- Las tendencias llevaron a cambiar la l\u00ednea de los materiales y se pas\u00f3 del cuero a los pol\u00edmeros. El calzado se adapt\u00f3 al modernismo y es m\u00e1s fr\u00e1gil.<\/p>\n<p>3.- Son m\u00e1s ensambladores que dise\u00f1adores.<\/p>\n<p>4.- Los productores se dedicaron a venderle a Venezuela y descuidaron el mercado nacional, situaci\u00f3n que aprovecharon otras ciudades.<\/p>\n<p>5.- Los afectaron las peleas de Hugo Ch\u00e1vez con \u00c1lvaro Uribe, por cuanto la industria es artesanal y fr\u00e1gil. La lucha de poderes entre caracas y Bogot\u00e1 los puso en jaque mate. Ahora, tienen deudas irrecuperables. Ese es el pasado.<\/p>\n<p>Ante estas razones la propuesta es fortalecer al gremio y reconquistar a Colombia. Una de las maneras para volver a los primeros lugares es mediante la organizaci\u00f3n de la Feria del calzado, del 26 al 28 de marzo, en C\u00facuta. El objetivo es situar a la ciudad en la posici\u00f3n que tuvo en a\u00f1os pasados.<\/p>\n<p>En esta versi\u00f3n las expectativas est\u00e1n cifradas en la venta de 500.000 pares de zapatos a los 25 empresarios que han confirmado la asistencia m\u00e1s delegados de almacenes de cadena. Cada d\u00eda se espera el cierre de\u00a0 negocios por 140.000 a 150.000 pares. Los empresarios compradores ser\u00e1n nacionales ciento por ciento. El enfoque es reconquistar el mercado nacional.<\/p>\n<p>Los expositores ser\u00e1n 52, \u00fanicamente de calzado. En septiembre, les corresponder\u00e1 el turno a los marroquineros. No habr\u00e1 ventas al p\u00fablico. \u201cLa idea es institucionalizar la Feria y convertirla en una actividad anual para retomar el puesto que tuvimos como la ciudad productora de calzado y que calzaba a Colombia\u201d, dijo Miguel \u00c1ngel Herrera, presidente de la Corporaci\u00f3n de Industriales del Calzado (Corpoincal).<\/p>\n<p>Adicional, se quiere iniciar el proceso de capacitaci\u00f3n que permita el desarrollo industrial del sector. Para cumplir el objetivo cuentan con aliados como el Sena y la C\u00e1mara de Comercio, que facilitar\u00e1n la agenda acad\u00e9mica para el fortalecimiento organizacional y de producci\u00f3n para ser competitivos.<\/p>\n<p>&nbsp; <\/p>\n","protected":false},"excerpt":{"rendered":"<p>C\u00daCUTA.- Han pasado 25 a\u00f1os desde cuando C\u00facuta era la ciudad que calzaba a Colombia. Muchos factores incidieron para que se perdiera esa condici\u00f3n y otras ciudades llenaron el vac\u00edo dejado por los cucute\u00f1os. Ahora, los productores buscan recuperar el tiempo. Entre otras circunstancias adversas aparecen: 1.- El punto d\u00e9bil de los productores es el &hellip;<\/p>\n","protected":false},"author":1,"featured_media":21116,"comment_status":"open","ping_status":"open","sticky":false,"template":"","format":"standard","meta":{"footnotes":""},"categories":[541,4],"tags":[1203],"class_list":["post-21115","post","type-post","status-publish","format-standard","has-post-thumbnail","hentry","category-ciudad","category-barra","tag-feria-del-calzado-de-cucuta"],"_links":{"self":[{"href":"https:\/\/contraluzcucuta.co\/index.php?rest_route=\/wp\/v2\/posts\/21115","targetHints":{"allow":["GET"]}}],"collection":[{"href":"https:\/\/contraluzcucuta.co\/index.php?rest_route=\/wp\/v2\/posts"}],"about":[{"href":"https:\/\/contraluzcucuta.co\/index.php?rest_route=\/wp\/v2\/types\/post"}],"author":[{"embeddable":true,"href":"https:\/\/contraluzcucuta.co\/index.php?rest_route=\/wp\/v2\/users\/1"}],"replies":[{"embeddable":true,"href":"https:\/\/contraluzcucuta.co\/index.php?rest_route=%2Fwp%2Fv2%2Fcomments&post=21115"}],"version-history":[{"count":1,"href":"https:\/\/contraluzcucuta.co\/index.php?rest_route=\/wp\/v2\/posts\/21115\/revisions"}],"predecessor-version":[{"id":21117,"href":"https:\/\/contraluzcucuta.co\/index.php?rest_route=\/wp\/v2\/posts\/21115\/revisions\/21117"}],"wp:featuredmedia":[{"embeddable":true,"href":"https:\/\/contraluzcucuta.co\/index.php?rest_route=\/wp\/v2\/media\/21116"}],"wp:attachment":[{"href":"https:\/\/contraluzcucuta.co\/index.php?rest_route=%2Fwp%2Fv2%2Fmedia&parent=21115"}],"wp:term":[{"taxonomy":"category","embeddable":true,"href":"https:\/\/contraluzcucuta.co\/index.php?rest_route=%2Fwp%2Fv2%2Fcategories&post=21115"},{"taxonomy":"post_tag","embeddable":true,"href":"https:\/\/contraluzcucuta.co\/index.php?rest_route=%2Fwp%2Fv2%2Ftags&post=21115"}],"curies":[{"name":"wp","href":"https:\/\/api.w.org\/{rel}","templated":true}]}}