{"id":21112,"date":"2014-03-24T18:11:44","date_gmt":"2014-03-24T23:11:44","guid":{"rendered":"http:\/\/contraluzcucuta.co\/?p=21112"},"modified":"2014-03-26T22:57:02","modified_gmt":"2014-03-27T03:57:02","slug":"gramalote-sera-un-pueblo-digital","status":"publish","type":"post","link":"https:\/\/contraluzcucuta.co\/?p=21112","title":{"rendered":"Gramalote ser\u00e1 un pueblo digital"},"content":{"rendered":"<p><b style=\"line-height: 1.5em;\">C\u00daCUTA.-<\/b><span style=\"line-height: 1.5em;\"> La meta de tener al Nuevo Gramalote listo en el 2015 sigue en pie. Y con un aliciente para los habitantes que han aguardado con paciencia la culminaci\u00f3n del proceso, ser\u00e1 un pueblo digital. La red de fibra \u00f3ptica est\u00e1 entre los dise\u00f1os.<\/span><\/p>\n<p>Antes del 17 de diciembre de 2010, los gramaloteros viv\u00edan tranquilos en las grandes casas de solares amplios. Ten\u00edan las comodidades propias de un municipio agr\u00edcola colombiano y disfrutaban de las bondades que aportaba el clima.<\/p>\n<p>Hasta que la naturaleza destruy\u00f3 el caso urbano y hombres y mujeres, ni\u00f1os y adultos, tuvieron que huir hacia localidades cercanas o C\u00facuta para sobrevivir. Desde entonces han escuchado promesas, perdones y oraciones que no les han cambiado la vida.<\/p>\n<p>El reasentamiento se propuso en dos predios. La discusi\u00f3n se centr\u00f3 en Pomarroso y Miraflores. El Gobierno, luego de estudios y an\u00e1lisis de suelo, se inclin\u00f3 por Miraflores. La Asamblea de Norte de Santander respald\u00f3 la decisi\u00f3n. Algunos gramaloteros insisten en Pomarroso.<\/p>\n<p>El Fondo Adaptaci\u00f3n, en la \u00faltima visita a la ciudad, dio fechas que alegran a la comunidad:<\/p>\n<p>1.- El 24 de enero. Con el conjunto de arquitectos So\u00f1ar se contrat\u00f3 el dise\u00f1o del centro administrativo. El proyecto va en camino.<\/p>\n<p>2.- El 31 de marzo. Entrega de los dise\u00f1os de la conducci\u00f3n de agua, desde la captaci\u00f3n en la quebrada La Calderera hasta el Nuevo Gramalote.<\/p>\n<p>3.- El 9 de abril. Entrega del documento con dise\u00f1o urbano, de viviendas y modificaci\u00f3n del uso del lote de rural a urbano.<\/p>\n<p>4.- El 15 de abril. Nuevo compromiso para iniciar la v\u00eda de acceso, de 12 kil\u00f3metros hasta Miraflores. En marzo debi\u00f3 terminarse la etapa de dise\u00f1os para entregarla a la Gobernaci\u00f3n. El proceso se retras\u00f3 por el impedimento en La Estrella, donde hubo tropiezos. Los d\u00edas que se mueve la entrega no inciden en la meta de largo plazo y es que Gramalote est\u00e9 listo en el 2015.<\/p>\n<p>5.- El 22 de abril. Cierre del concurso para el dise\u00f1o arquitect\u00f3nico de la plaza de mercado, el colegio, el polideportivo, la casa del adulto mayor y la casa del campesino. El Fondo exige a los arquitectos que incorporen elementos nortesantandereanos en el dise\u00f1o y la contrataci\u00f3n de mano de obra local y gramalotera. En este \u00faltimo caso ser\u00e1 prioridad, porque la poblaci\u00f3n necesita ingresos y empleo, y ninguna oportunidad mejor que el trabajo que se genera alrededor del reasentamiento.<\/p>\n<p>&nbsp; <\/p>\n","protected":false},"excerpt":{"rendered":"<p>C\u00daCUTA.- La meta de tener al Nuevo Gramalote listo en el 2015 sigue en pie. Y con un aliciente para los habitantes que han aguardado con paciencia la culminaci\u00f3n del proceso, ser\u00e1 un pueblo digital. La red de fibra \u00f3ptica est\u00e1 entre los dise\u00f1os. Antes del 17 de diciembre de 2010, los gramaloteros viv\u00edan tranquilos &hellip;<\/p>\n","protected":false},"author":1,"featured_media":21113,"comment_status":"open","ping_status":"open","sticky":false,"template":"","format":"standard","meta":{"footnotes":""},"categories":[556,32],"tags":[1248,13],"class_list":["post-21112","post","type-post","status-publish","format-standard","has-post-thumbnail","hentry","category-departamento","category-recorrido-por-la-region","tag-fondo-adaptacion","tag-gramalote"],"_links":{"self":[{"href":"https:\/\/contraluzcucuta.co\/index.php?rest_route=\/wp\/v2\/posts\/21112","targetHints":{"allow":["GET"]}}],"collection":[{"href":"https:\/\/contraluzcucuta.co\/index.php?rest_route=\/wp\/v2\/posts"}],"about":[{"href":"https:\/\/contraluzcucuta.co\/index.php?rest_route=\/wp\/v2\/types\/post"}],"author":[{"embeddable":true,"href":"https:\/\/contraluzcucuta.co\/index.php?rest_route=\/wp\/v2\/users\/1"}],"replies":[{"embeddable":true,"href":"https:\/\/contraluzcucuta.co\/index.php?rest_route=%2Fwp%2Fv2%2Fcomments&post=21112"}],"version-history":[{"count":1,"href":"https:\/\/contraluzcucuta.co\/index.php?rest_route=\/wp\/v2\/posts\/21112\/revisions"}],"predecessor-version":[{"id":21114,"href":"https:\/\/contraluzcucuta.co\/index.php?rest_route=\/wp\/v2\/posts\/21112\/revisions\/21114"}],"wp:featuredmedia":[{"embeddable":true,"href":"https:\/\/contraluzcucuta.co\/index.php?rest_route=\/wp\/v2\/media\/21113"}],"wp:attachment":[{"href":"https:\/\/contraluzcucuta.co\/index.php?rest_route=%2Fwp%2Fv2%2Fmedia&parent=21112"}],"wp:term":[{"taxonomy":"category","embeddable":true,"href":"https:\/\/contraluzcucuta.co\/index.php?rest_route=%2Fwp%2Fv2%2Fcategories&post=21112"},{"taxonomy":"post_tag","embeddable":true,"href":"https:\/\/contraluzcucuta.co\/index.php?rest_route=%2Fwp%2Fv2%2Ftags&post=21112"}],"curies":[{"name":"wp","href":"https:\/\/api.w.org\/{rel}","templated":true}]}}