{"id":21109,"date":"2014-03-24T18:07:00","date_gmt":"2014-03-24T23:07:00","guid":{"rendered":"http:\/\/contraluzcucuta.co\/?p=21109"},"modified":"2014-03-26T22:58:10","modified_gmt":"2014-03-27T03:58:10","slug":"obispo-de-san-cristobal-con-barricadas-no-se-lograra-la-paz","status":"publish","type":"post","link":"https:\/\/contraluzcucuta.co\/?p=21109","title":{"rendered":"Obispo de San Crist\u00f3bal. \u201cCon barricadas no se lograr\u00e1 la paz\u201d"},"content":{"rendered":"<p><b style=\"line-height: 1.5em;\">SAN CRIST\u00d3BAL \u2013 (Venezuela).-<\/b><span style=\"line-height: 1.5em;\"> Monse\u00f1or Mario Moronta Rodr\u00edguez, obispo de San Crist\u00f3bal (Venezuela), pidi\u00f3 las autoridades civiles y militares proteger a los ciudadanos y limitar el uso de bombas lacrim\u00f3genas que afecta a la colectividad.<\/span><\/p>\n<p>\u201cRepudiamos todo acto de violencia, cuyo saldo es de muertos y heridos\u201d, expres\u00f3 prelado ante los actos violentos suscitados en el Estado T\u00e1chira. \u201cA las autoridades correspondientes les pedimos que cumplan su deber de mantener el orden p\u00fablico y proteger a los ciudadanos, pero sin excesos ni acciones que vayan en contra de los derechos humanos fundamentales\u201d.<\/p>\n<p>Les pidi\u00f3 que se rijan por las disposiciones legales del sistema jur\u00eddico nacional e internacional. \u201cSe oye el clamor de muchos que se ven afectados de manera directa o indirecta, al tener que atender a familiares y vecinos que sufren a consecuencia de los efectos nocivos de dichas bombas\u201d.<\/p>\n<p>Monse\u00f1or Mario Moronta record\u00f3 el derecho que tienen los miembros de la sociedad a la protesta, \u201cpero dentro del debido respeto a los dem\u00e1s y sin violencia de ning\u00fan tipo\u201d.<\/p>\n<p>Dijo que ni con barricadas, ni con la quema de veh\u00edculos ni de instalaciones educativas o de otro tipo se lograr\u00e1n la paz y la concordia. Por eso, es necesario que se profundice en una propuesta que sea c\u00edvica y que respete a los dem\u00e1s\u201d.<\/p>\n<p>Record\u00f3 las razones para manifestar y denunci\u00f3 la corrupci\u00f3n en la especulaci\u00f3n con los precios con la excusa de la protesta. \u201cExisten muchas razones para protestar, el desabastecimiento, la inseguridad, el alto costo de la vida, a lo que se unen el contrabando y la especulaci\u00f3n\u201d.<\/p>\n<p>\u201cHemos visto c\u00f3mo no pocos inescrupulosos, en los \u00faltimos d\u00edas, con la excusa de la protesta, han subido el costo de muchos servicios y mercanc\u00eda a precios exorbitantes. Eso no es ni justo ni \u00e9tico\u201d.<\/p>\n<p>Hizo un llamado al Gobernador, a los miembros del Consejo Legislativo, a los alcaldes, a los dirigentes pol\u00edticos de todas las organizaciones, a los estudiantes, a los dirigentes de los gremios para que \u201cdejen a un lado intereses particulares e individualistas\u201d y se encuentren no solo para dialogar\u00a0 \u201csino para dar pasos ciertos en la b\u00fasqueda de soluciones concretas\u201d.<\/p>\n<p>Insisti\u00f3 el Obispo que para ello \u201ces importante desterrar otro tipo de violencia como es la del lenguaje ofensivo y descalificador\u201d.<\/p>\n<p>Reiter\u00f3 la voluntad de la Iglesia Cat\u00f3lica de promover encuentros en orden a la paz. \u201cNo s\u00f3lo ofrece sus espacios (templos, curia, colegios), sino su mediaci\u00f3n para que se logre lo que todos anhelamos, como es la paz social, el compromiso de todos para resolver la situaci\u00f3n que atraviesa nuestra sociedad\u201d.<\/p>\n<p>\u201cEn este tiempo de cuaresma, adem\u00e1s, los sacerdotes, los catequistas y todos los dirigentes laicos de nuestras comunidades est\u00e1n llamados a cooperar con la paz, pero sobre todo por ir creando el clima para la reconciliaci\u00f3n de todos los hombres y mujeres de nuestra regi\u00f3n y del pa\u00eds. Este es un servicio que encuentra su apoyo en la Sagrada Escritura y un modelo en Jesucristo, el Dios de la Vida y de la misericordia\u201d, concluy\u00f3 el Obispo.<\/p>\n<p>&nbsp; <\/p>\n","protected":false},"excerpt":{"rendered":"<p>SAN CRIST\u00d3BAL \u2013 (Venezuela).- Monse\u00f1or Mario Moronta Rodr\u00edguez, obispo de San Crist\u00f3bal (Venezuela), pidi\u00f3 las autoridades civiles y militares proteger a los ciudadanos y limitar el uso de bombas lacrim\u00f3genas que afecta a la colectividad. \u201cRepudiamos todo acto de violencia, cuyo saldo es de muertos y heridos\u201d, expres\u00f3 prelado ante los actos violentos suscitados en &hellip;<\/p>\n","protected":false},"author":1,"featured_media":21110,"comment_status":"open","ping_status":"open","sticky":false,"template":"","format":"standard","meta":{"footnotes":""},"categories":[7,36],"tags":[1280,1155,1156],"class_list":["post-21109","post","type-post","status-publish","format-standard","has-post-thumbnail","hentry","category-acontecimientos","category-la-voz-del-pueblo","tag-crisis-de-venezuela","tag-monsenor-mario-moronta-rodriguez","tag-obispo-de-san-cristobal"],"_links":{"self":[{"href":"https:\/\/contraluzcucuta.co\/index.php?rest_route=\/wp\/v2\/posts\/21109","targetHints":{"allow":["GET"]}}],"collection":[{"href":"https:\/\/contraluzcucuta.co\/index.php?rest_route=\/wp\/v2\/posts"}],"about":[{"href":"https:\/\/contraluzcucuta.co\/index.php?rest_route=\/wp\/v2\/types\/post"}],"author":[{"embeddable":true,"href":"https:\/\/contraluzcucuta.co\/index.php?rest_route=\/wp\/v2\/users\/1"}],"replies":[{"embeddable":true,"href":"https:\/\/contraluzcucuta.co\/index.php?rest_route=%2Fwp%2Fv2%2Fcomments&post=21109"}],"version-history":[{"count":1,"href":"https:\/\/contraluzcucuta.co\/index.php?rest_route=\/wp\/v2\/posts\/21109\/revisions"}],"predecessor-version":[{"id":21111,"href":"https:\/\/contraluzcucuta.co\/index.php?rest_route=\/wp\/v2\/posts\/21109\/revisions\/21111"}],"wp:featuredmedia":[{"embeddable":true,"href":"https:\/\/contraluzcucuta.co\/index.php?rest_route=\/wp\/v2\/media\/21110"}],"wp:attachment":[{"href":"https:\/\/contraluzcucuta.co\/index.php?rest_route=%2Fwp%2Fv2%2Fmedia&parent=21109"}],"wp:term":[{"taxonomy":"category","embeddable":true,"href":"https:\/\/contraluzcucuta.co\/index.php?rest_route=%2Fwp%2Fv2%2Fcategories&post=21109"},{"taxonomy":"post_tag","embeddable":true,"href":"https:\/\/contraluzcucuta.co\/index.php?rest_route=%2Fwp%2Fv2%2Ftags&post=21109"}],"curies":[{"name":"wp","href":"https:\/\/api.w.org\/{rel}","templated":true}]}}