{"id":21105,"date":"2014-03-23T22:15:00","date_gmt":"2014-03-24T03:15:00","guid":{"rendered":"http:\/\/contraluzcucuta.co\/?p=21105"},"modified":"2014-03-26T18:34:53","modified_gmt":"2014-03-26T23:34:53","slug":"el-problema-fronterizo-del-agua","status":"publish","type":"post","link":"https:\/\/contraluzcucuta.co\/?p=21105","title":{"rendered":"El problema fronterizo del agua"},"content":{"rendered":"<p><span style=\"line-height: 1.5em;\">1.- Entre todos los problemas que vienen advirti\u00e9ndose en el mundo y acelerando su influjo, por los procesos de cambio que genera el cambio clim\u00e1tico y el reacomodamiento ambiental, el correspondiente al agua, debiera ser la primera y m\u00e1s urgente atenci\u00f3n de los gobiernos, sin excepciones. El registro de lo que acontece en Casanare, donde han muerto m\u00e1s de 20.000 animales en las \u00faltimas semanas y los datos que suministra Unicef, que se\u00f1ala que 1400 ni\u00f1os mueren a diario por carencia de agua y que hay 760 millones de seres humanos que no tienen acceso a este vital elemento, nos obliga a mirar sobre lo nuestro y a reconocer que dentro del contexto fronterizo que nos determina el agua debe constituir objeto de la m\u00e1s prioritaria consideraci\u00f3n, porque los r\u00edos, que son nuestro soporte, no son los mismos de hace 100 o m\u00e1s a\u00f1os. Han disminuido el caudal y las consideraciones y reglamentaciones que para reparto de aguas se hicieron, como ocurri\u00f3 con el lim\u00edtrofe r\u00edo T\u00e1chira, no operan, ni existen, como lo viven y experimentan los habitantes de Villa del Rosario, San Antonio y Ure\u00f1a. Y que de manera pronta deben unirse para que de manera solidaria, fraterna e integral, se constituyan en los leg\u00edtimos promotores de las acciones que conduzcan a la implementaci\u00f3n de aut\u00e9nticas y trasformadoras asistencias y ayudas, mediante la conjugaci\u00f3n de esfuerzos tanto de Colombia, como de Venezuela, que bien podr\u00edan llevarse a cabo mediante la participaci\u00f3n de Corponor y Corposuoeste-que debe resurgir \u2013 tal como se lleg\u00f3 a precisar entre las conclusiones y acciones de la Declaraci\u00f3n de Ure\u00f1a, de 1989, pero que se frenaron despu\u00e9s del retiro de Venezuela de la Comunidad Andina de Naciones (CAN) y del exagerado centralismo de Bogot\u00e1 y Caracas.<\/span><\/p>\n<p>2.- Es bueno anotar que quienes propugnan por el proyecto C\u00ednera, que tuvo por iniciador a ese gran nortesantandereano, el ingeniero Sen\u00e9n Botello, deben establecer contacto con el destacado, meritorio y condecorado\u00a0 ingeniero e historiador Carlos Sanclemente Orbegoso para que lo inherente al concepto t\u00e9cnico del proyecto, incluyendo lo referente a la clasificaci\u00f3n y valoraci\u00f3n de las tierras, se estudien y confronten con las tesis y argumentaciones que expuso a la administraci\u00f3n departamental, en tiempos de Hernando Ruan Guerrero, al analizar geol\u00f3gicamente y en otros aspectos, lo pertinente a la iniciativa que busca la soluci\u00f3n de la tem\u00e1tica expuesta y ampliada en lo regional y sin olvidar lo\u00a0 consecuencial con lo agr\u00edcola y ganadero.<\/p>\n<p>Aludimos al ingeniero Carlos Sanclemente Orbegoso, porque conocimos su trayectoria, los reconocimientos nacionales e internacionales por el profesionalismo y hablamos con\u00a0 \u00e9l, quien a sus 92 a\u00f1os \u2013como\u00a0 nos los indic\u00f3 \u2013advierte que ha precisado y con responsabilidad lo que estim\u00f3 sobre ese proyecto. Y, porque hay algunas acciones y empe\u00f1os que son inviables-seg\u00fan \u00e9l-. Situaci\u00f3n \u00a0que por responsabilidad y \u00e9tica transmit\u00ed a los asesores de los empe\u00f1os de Canad\u00e1 e Israel \u2013interesados en el proyecto &#8211; para que buscaran, confrontaran y evaluaran con especial detenimiento las argumentaciones y realidades, de manera pronta. Para provecho y beneficio de todos.<\/p>\n<p>3.- Lo expuesto y referido \u00bfpara qu\u00e9?\u00a0 Para que todo lo que se haga e intente regionalmente se haga bien y se logre la soluci\u00f3n que se ans\u00eda. \u00bfC\u00f3mo? Mediante la gesti\u00f3n responsable\u00a0 y compartida de todos, en un aut\u00e9ntico y evolutivo esfuerzo fronterizo, que vaya sobre lo esencial e irrenunciable, porque todo lo alusivo al agua, sin lugar a dudas, es urgente y un real e\u00a0 indiscutible problema planetario.<\/p>\n<p><b>JOS\u00c9 NEIRA REY<\/b><\/p>\n<p><b><a href=\"mailto:jneirarey@hotmail.com\">jneirarey@hotmail.com<\/a><\/b><\/p>\n<p><b>Notas al margen<\/b><\/p>\n<p>&nbsp; <\/p>\n","protected":false},"excerpt":{"rendered":"<p>1.- Entre todos los problemas que vienen advirti\u00e9ndose en el mundo y acelerando su influjo, por los procesos de cambio que genera el cambio clim\u00e1tico y el reacomodamiento ambiental, el correspondiente al agua, debiera ser la primera y m\u00e1s urgente atenci\u00f3n de los gobiernos, sin excepciones. El registro de lo que acontece en Casanare, donde &hellip;<\/p>\n","protected":false},"author":1,"featured_media":21106,"comment_status":"open","ping_status":"open","sticky":false,"template":"","format":"standard","meta":{"footnotes":""},"categories":[14,6],"tags":[303,956],"class_list":["post-21105","post","type-post","status-publish","format-standard","has-post-thumbnail","hentry","category-articulistas","category-ojo-avizor","tag-jose-neira-rey","tag-notas-al-margen"],"_links":{"self":[{"href":"https:\/\/contraluzcucuta.co\/index.php?rest_route=\/wp\/v2\/posts\/21105","targetHints":{"allow":["GET"]}}],"collection":[{"href":"https:\/\/contraluzcucuta.co\/index.php?rest_route=\/wp\/v2\/posts"}],"about":[{"href":"https:\/\/contraluzcucuta.co\/index.php?rest_route=\/wp\/v2\/types\/post"}],"author":[{"embeddable":true,"href":"https:\/\/contraluzcucuta.co\/index.php?rest_route=\/wp\/v2\/users\/1"}],"replies":[{"embeddable":true,"href":"https:\/\/contraluzcucuta.co\/index.php?rest_route=%2Fwp%2Fv2%2Fcomments&post=21105"}],"version-history":[{"count":1,"href":"https:\/\/contraluzcucuta.co\/index.php?rest_route=\/wp\/v2\/posts\/21105\/revisions"}],"predecessor-version":[{"id":21107,"href":"https:\/\/contraluzcucuta.co\/index.php?rest_route=\/wp\/v2\/posts\/21105\/revisions\/21107"}],"wp:featuredmedia":[{"embeddable":true,"href":"https:\/\/contraluzcucuta.co\/index.php?rest_route=\/wp\/v2\/media\/21106"}],"wp:attachment":[{"href":"https:\/\/contraluzcucuta.co\/index.php?rest_route=%2Fwp%2Fv2%2Fmedia&parent=21105"}],"wp:term":[{"taxonomy":"category","embeddable":true,"href":"https:\/\/contraluzcucuta.co\/index.php?rest_route=%2Fwp%2Fv2%2Fcategories&post=21105"},{"taxonomy":"post_tag","embeddable":true,"href":"https:\/\/contraluzcucuta.co\/index.php?rest_route=%2Fwp%2Fv2%2Ftags&post=21105"}],"curies":[{"name":"wp","href":"https:\/\/api.w.org\/{rel}","templated":true}]}}