{"id":21096,"date":"2014-03-23T20:56:15","date_gmt":"2014-03-24T01:56:15","guid":{"rendered":"http:\/\/contraluzcucuta.co\/?p=21096"},"modified":"2014-03-23T20:56:15","modified_gmt":"2014-03-24T01:56:15","slug":"quinta-convocatoria-de-las-tertulias-cucutenas","status":"publish","type":"post","link":"https:\/\/contraluzcucuta.co\/?p=21096","title":{"rendered":"Quinta convocatoria de las Tertulias Cucute\u00f1as"},"content":{"rendered":"<p>La Fundaci\u00f3n &#8216;El Cinco a las cinco&#8217; y su extensi\u00f3n cultural Tertulias Cucute\u00f1as\u00a02020, invitan a la Quinta Convocatoria con la\u00a0ponencia:\u00a0&#8216;Para d\u00f3nde va la educaci\u00f3n b\u00e1sica y media en Norte de\u00a0Santander&#8217;.\u00a0El tema reviste\u00a0especial inter\u00e9s para acrecentar el acervo acad\u00e9mico y cultural, y\u00a0de gran importancia para el desarrollo del departamento. <\/p>\n","protected":false},"excerpt":{"rendered":"<p>La Fundaci\u00f3n &#8216;El Cinco a las cinco&#8217; y su extensi\u00f3n cultural Tertulias Cucute\u00f1as\u00a02020, invitan a la Quinta Convocatoria con la\u00a0ponencia:\u00a0&#8216;Para d\u00f3nde va la educaci\u00f3n b\u00e1sica y media en Norte de\u00a0Santander&#8217;.\u00a0El tema reviste\u00a0especial inter\u00e9s para acrecentar el acervo acad\u00e9mico y cultural, y\u00a0de gran importancia para el desarrollo del departamento.<\/p>\n","protected":false},"author":1,"featured_media":21097,"comment_status":"open","ping_status":"open","sticky":false,"template":"","format":"standard","meta":{"footnotes":""},"categories":[45],"tags":[1275,1276],"class_list":["post-21096","post","type-post","status-publish","format-standard","has-post-thumbnail","hentry","category-destacado","tag-el-cinco-a-las-cinco","tag-tertulias-cucutenas"],"_links":{"self":[{"href":"https:\/\/contraluzcucuta.co\/index.php?rest_route=\/wp\/v2\/posts\/21096","targetHints":{"allow":["GET"]}}],"collection":[{"href":"https:\/\/contraluzcucuta.co\/index.php?rest_route=\/wp\/v2\/posts"}],"about":[{"href":"https:\/\/contraluzcucuta.co\/index.php?rest_route=\/wp\/v2\/types\/post"}],"author":[{"embeddable":true,"href":"https:\/\/contraluzcucuta.co\/index.php?rest_route=\/wp\/v2\/users\/1"}],"replies":[{"embeddable":true,"href":"https:\/\/contraluzcucuta.co\/index.php?rest_route=%2Fwp%2Fv2%2Fcomments&post=21096"}],"version-history":[{"count":1,"href":"https:\/\/contraluzcucuta.co\/index.php?rest_route=\/wp\/v2\/posts\/21096\/revisions"}],"predecessor-version":[{"id":21098,"href":"https:\/\/contraluzcucuta.co\/index.php?rest_route=\/wp\/v2\/posts\/21096\/revisions\/21098"}],"wp:featuredmedia":[{"embeddable":true,"href":"https:\/\/contraluzcucuta.co\/index.php?rest_route=\/wp\/v2\/media\/21097"}],"wp:attachment":[{"href":"https:\/\/contraluzcucuta.co\/index.php?rest_route=%2Fwp%2Fv2%2Fmedia&parent=21096"}],"wp:term":[{"taxonomy":"category","embeddable":true,"href":"https:\/\/contraluzcucuta.co\/index.php?rest_route=%2Fwp%2Fv2%2Fcategories&post=21096"},{"taxonomy":"post_tag","embeddable":true,"href":"https:\/\/contraluzcucuta.co\/index.php?rest_route=%2Fwp%2Fv2%2Ftags&post=21096"}],"curies":[{"name":"wp","href":"https:\/\/api.w.org\/{rel}","templated":true}]}}