{"id":21077,"date":"2014-03-20T18:42:26","date_gmt":"2014-03-20T23:42:26","guid":{"rendered":"http:\/\/contraluzcucuta.co\/?p=21077"},"modified":"2014-03-20T18:42:26","modified_gmt":"2014-03-20T23:42:26","slug":"velada-musical-en-el-puente-de-guadua","status":"publish","type":"post","link":"https:\/\/contraluzcucuta.co\/?p=21077","title":{"rendered":"Velada musical en el Puente de Guadua"},"content":{"rendered":"<p><b style=\"line-height: 1.5em;\">C\u00daCUTA.-<\/b><span style=\"line-height: 1.5em;\"> Jennifer Carolina Chac\u00f3n llega a las veladas culturales de Aguas Kpital C\u00facuta para poner a bailar a los asistentes con las mejores interpretaciones de m\u00fasica tropical y rom\u00e1ntica.<\/span><\/p>\n<p>La artista, con m\u00e1s de 12 a\u00f1os de experiencia en la escena musical, deleitar\u00e1 a los cucute\u00f1os, este 21 de marzo, en el Puente de Guadua con todo el talento, en la antesala a la conmemoraci\u00f3n del D\u00eda Internacional del Agua.<\/p>\n<p>Chac\u00f3n ha hecho parte de importantes orquestas en Norte de Santander. Es digna merecedora del premio a mejor talento en el Festival Internacional de la Frontera (2011) y tambi\u00e9n se ha desempe\u00f1ado como locutora en emisoras locales.<\/p>\n<p>A las 7:00 de la noche, personal de Aguas Kpital C\u00facuta dispondr\u00e1 la log\u00edstica para que esta sea una noche inolvidable, como las que habitualmente se viven los viernes en uno de los \u00edconos de C\u00facuta<\/p>\n<p>&nbsp; <\/p>\n","protected":false},"excerpt":{"rendered":"<p>C\u00daCUTA.- Jennifer Carolina Chac\u00f3n llega a las veladas culturales de Aguas Kpital C\u00facuta para poner a bailar a los asistentes con las mejores interpretaciones de m\u00fasica tropical y rom\u00e1ntica. La artista, con m\u00e1s de 12 a\u00f1os de experiencia en la escena musical, deleitar\u00e1 a los cucute\u00f1os, este 21 de marzo, en el Puente de Guadua &hellip;<\/p>\n","protected":false},"author":1,"featured_media":21078,"comment_status":"open","ping_status":"open","sticky":false,"template":"","format":"standard","meta":{"footnotes":""},"categories":[45,37],"tags":[1270,1269],"class_list":["post-21077","post","type-post","status-publish","format-standard","has-post-thumbnail","hentry","category-destacado","category-paseo-cultural","tag-aguas-kpital-cucuta","tag-jennifer-carolina-chacon"],"_links":{"self":[{"href":"https:\/\/contraluzcucuta.co\/index.php?rest_route=\/wp\/v2\/posts\/21077","targetHints":{"allow":["GET"]}}],"collection":[{"href":"https:\/\/contraluzcucuta.co\/index.php?rest_route=\/wp\/v2\/posts"}],"about":[{"href":"https:\/\/contraluzcucuta.co\/index.php?rest_route=\/wp\/v2\/types\/post"}],"author":[{"embeddable":true,"href":"https:\/\/contraluzcucuta.co\/index.php?rest_route=\/wp\/v2\/users\/1"}],"replies":[{"embeddable":true,"href":"https:\/\/contraluzcucuta.co\/index.php?rest_route=%2Fwp%2Fv2%2Fcomments&post=21077"}],"version-history":[{"count":1,"href":"https:\/\/contraluzcucuta.co\/index.php?rest_route=\/wp\/v2\/posts\/21077\/revisions"}],"predecessor-version":[{"id":21079,"href":"https:\/\/contraluzcucuta.co\/index.php?rest_route=\/wp\/v2\/posts\/21077\/revisions\/21079"}],"wp:featuredmedia":[{"embeddable":true,"href":"https:\/\/contraluzcucuta.co\/index.php?rest_route=\/wp\/v2\/media\/21078"}],"wp:attachment":[{"href":"https:\/\/contraluzcucuta.co\/index.php?rest_route=%2Fwp%2Fv2%2Fmedia&parent=21077"}],"wp:term":[{"taxonomy":"category","embeddable":true,"href":"https:\/\/contraluzcucuta.co\/index.php?rest_route=%2Fwp%2Fv2%2Fcategories&post=21077"},{"taxonomy":"post_tag","embeddable":true,"href":"https:\/\/contraluzcucuta.co\/index.php?rest_route=%2Fwp%2Fv2%2Ftags&post=21077"}],"curies":[{"name":"wp","href":"https:\/\/api.w.org\/{rel}","templated":true}]}}