{"id":21074,"date":"2014-03-20T18:30:06","date_gmt":"2014-03-20T23:30:06","guid":{"rendered":"http:\/\/contraluzcucuta.co\/?p=21074"},"modified":"2014-03-20T18:30:06","modified_gmt":"2014-03-20T23:30:06","slug":"mecuc-homenaje-a-14-heroes-de-la-patria","status":"publish","type":"post","link":"https:\/\/contraluzcucuta.co\/?p=21074","title":{"rendered":"Mecuc. Homenaje a 14 h\u00e9roes de la patria"},"content":{"rendered":"<p>&nbsp;<\/p>\n<p><b>C\u00daCUTA.-<\/b> Catorce uniformados, h\u00e9roes de la patria, \u00a0recibieron un homenaje p\u00f3stumo por haber ofrecido la vida en beneficio de los colombianos. Los agentes, en diferentes circunstancias, murieron por la seguridad de las comunidades. En el Comando de Polic\u00eda San Mateo se ofici\u00f3 la eucarist\u00eda con la participaci\u00f3n de m\u00e1s de un centenar de polic\u00edas e invitados, que los recordaron y honraron su memoria.<\/p>\n<p>Como s\u00edmbolo de vida fueron plantados 14 \u00e1rboles de diferentes especies que crecer\u00e1n a orillas del r\u00edo Pamplonita, principal fuente h\u00eddrica de C\u00facuta, y la glorieta del barrio San Mateo, en representaci\u00f3n de las vidas que este a\u00f1o se ofrendaron por la seguridad y convivencia ciudadana.<\/p>\n<p>A las 12:00 del d\u00eda, de manera simult\u00e1nea en diferentes puntos del \u00c1rea Metropolitana personal de la Polic\u00eda Metropolitana de C\u00facuta (Mecuc) y la comunidad se unieron en torno al minuto de silencio por la vida para recordar a padres, hijos, hermanos, t\u00edos, primos y compa\u00f1eros de trabajo que hoy no est\u00e1n entre los vivos.<\/p>\n<p>Las patrullas policiales llevaron una cinta p\u00farpura en se\u00f1al de duelo por los que murieron en cumplimiento del deber. Los veh\u00edculos se estacionaron en lugares de alta concurrencia, encendieron las balizas y activaron\u00a0 las sirenas durante un minuto.<\/p>\n<p>En el aeropuerto Camilo Daza, al mediod\u00eda, se cumpli\u00f3 con el cortejo f\u00fanebre del mayor Germ\u00e1n Olinto M\u00e9ndez Pab\u00f3n, quien junto al patrullero Edilmer Mu\u00f1oz Ortiz perdieron la vida en Nari\u00f1o.<\/p>\n<p>Un minuto de silencio sirvi\u00f3 para reafirmar el compromiso de la instituci\u00f3n con el oficial. En la terminal a\u00e9rea se le rindi\u00f3 homenaje y los caballos de la Polic\u00eda de Carabineros le hicieron calle de honor. Los restos fueron llevados a Mutiscua, pueblo natal, donde este viernes recibir\u00e1 el \u00faltimo adi\u00f3s.<\/p>\n<p>&nbsp; <\/p>\n","protected":false},"excerpt":{"rendered":"<p>&nbsp; C\u00daCUTA.- Catorce uniformados, h\u00e9roes de la patria, \u00a0recibieron un homenaje p\u00f3stumo por haber ofrecido la vida en beneficio de los colombianos. Los agentes, en diferentes circunstancias, murieron por la seguridad de las comunidades. En el Comando de Polic\u00eda San Mateo se ofici\u00f3 la eucarist\u00eda con la participaci\u00f3n de m\u00e1s de un centenar de polic\u00edas &hellip;<\/p>\n","protected":false},"author":1,"featured_media":21075,"comment_status":"open","ping_status":"open","sticky":false,"template":"","format":"standard","meta":{"footnotes":""},"categories":[11,4],"tags":[1268,323,293],"class_list":["post-21074","post","type-post","status-publish","format-standard","has-post-thumbnail","hentry","category-cronica-roja","category-barra","tag-mayor-german-olinto-mendez-pabon","tag-mecuc","tag-policia-metropolitana-de-cucuta"],"_links":{"self":[{"href":"https:\/\/contraluzcucuta.co\/index.php?rest_route=\/wp\/v2\/posts\/21074","targetHints":{"allow":["GET"]}}],"collection":[{"href":"https:\/\/contraluzcucuta.co\/index.php?rest_route=\/wp\/v2\/posts"}],"about":[{"href":"https:\/\/contraluzcucuta.co\/index.php?rest_route=\/wp\/v2\/types\/post"}],"author":[{"embeddable":true,"href":"https:\/\/contraluzcucuta.co\/index.php?rest_route=\/wp\/v2\/users\/1"}],"replies":[{"embeddable":true,"href":"https:\/\/contraluzcucuta.co\/index.php?rest_route=%2Fwp%2Fv2%2Fcomments&post=21074"}],"version-history":[{"count":1,"href":"https:\/\/contraluzcucuta.co\/index.php?rest_route=\/wp\/v2\/posts\/21074\/revisions"}],"predecessor-version":[{"id":21076,"href":"https:\/\/contraluzcucuta.co\/index.php?rest_route=\/wp\/v2\/posts\/21074\/revisions\/21076"}],"wp:featuredmedia":[{"embeddable":true,"href":"https:\/\/contraluzcucuta.co\/index.php?rest_route=\/wp\/v2\/media\/21075"}],"wp:attachment":[{"href":"https:\/\/contraluzcucuta.co\/index.php?rest_route=%2Fwp%2Fv2%2Fmedia&parent=21074"}],"wp:term":[{"taxonomy":"category","embeddable":true,"href":"https:\/\/contraluzcucuta.co\/index.php?rest_route=%2Fwp%2Fv2%2Fcategories&post=21074"},{"taxonomy":"post_tag","embeddable":true,"href":"https:\/\/contraluzcucuta.co\/index.php?rest_route=%2Fwp%2Fv2%2Ftags&post=21074"}],"curies":[{"name":"wp","href":"https:\/\/api.w.org\/{rel}","templated":true}]}}