{"id":21071,"date":"2014-03-19T23:24:43","date_gmt":"2014-03-20T04:24:43","guid":{"rendered":"http:\/\/contraluzcucuta.co\/?p=21071"},"modified":"2014-03-19T23:24:43","modified_gmt":"2014-03-20T04:24:43","slug":"nuevos-diaconos-aqui-estan-los-escogidos","status":"publish","type":"post","link":"https:\/\/contraluzcucuta.co\/?p=21071","title":{"rendered":"Nuevos di\u00e1conos. \u201cAqu\u00ed est\u00e1n los escogidos\u201d"},"content":{"rendered":"<p><b style=\"line-height: 1.5em;\">C\u00daCUTA.-<\/b><span style=\"line-height: 1.5em;\"> Wilson David Alba Garc\u00eda, Jaime Enrique Aparicio, Carlos Eduardo Escalante, Wilson Eduardo Montes, Gerluis Mu\u00f1oz Mercado, Sady Oviedo, Fabi\u00e1n Pacheco y V\u00edctor Manuel Rojas recibieron, ayer, la orden como di\u00e1conos de la Iglesia Cat\u00f3lica en C\u00facuta.<\/span><\/p>\n<p>El acto se cumpli\u00f3 en la Catedral de San Jos\u00e9, con ocasi\u00f3n de la fiesta del patrono de la capital de Norte de Santander. Momentos antes de la ceremonia entr\u00f3 al templo la imagen del santo rescatada del terremoto que destruy\u00f3 a la ciudad en 1875.<\/p>\n<p>\u201cAqu\u00ed est\u00e1n los escogidos\u201d, dijo monse\u00f1or Julio C\u00e9sar Vidal Ortiz en la homil\u00eda. Entre los acompa\u00f1antes estuvieron los padres y madres de los futuros sacerdotes, los miembros del presbiterio diocesano, los amigos y los fieles.<\/p>\n<p>\u201cA lo mejor, muchos no quer\u00edan, que cogieran este camino. Aspiraban a que fueran m\u00e9dicos o abogados, pero fueron capaces de respetar cuando se dieron cuenta que lo que aparec\u00eda en sus hijos no era cosa salida de ellos sino que era algo venido de Dios, que los hab\u00eda entusiasmado, y que cada d\u00eda los fortalec\u00eda\u201d, dijo el prelado.<\/p>\n<p>Los nuevos di\u00e1conos fueron llamados por su nombre, uno a uno, y pasaron al frente del altar mayor de la Catedral para responder \u201cpresente\u201d. En ese momento comenzaron a asumir el reto impuesto de proclamar el evangelio, presenciar los sacramentos del bautismo y la confirmaci\u00f3n, de hacer las exequias y de llevar la comuni\u00f3n a los enfermos.<\/p>\n<p>La vocaci\u00f3n que un d\u00eda despert\u00f3 en cada uno fue desarroll\u00e1ndose poco a poco y los llev\u00f3 al seminario, donde recibieron apoyo de los sacerdotes para esclarecer cada d\u00eda la vocaci\u00f3n. Hoy, est\u00e1n llamados a ser humildes, hombres de fe, caritativos, generosos, trabajadores y servidores.<\/p>\n<p>\u201cVan a dar un paso importante. Les voy a imponer las manos como sucesor de los ap\u00f3stoles, como obispo de esta Di\u00f3cesis. Recibir\u00e1n la orden del diaconado que los incorpora a la iglesia jer\u00e1rquica\u201d, dijo monse\u00f1or Vida\u00f1l Ortiz. Inmediatamente, hicieron la profesi\u00f3n del celibato.<\/p>\n<p>A partir de ese momento \u00a0van a comprender lo que se les pide y saben que est\u00e1n en el triple ministerio de anunciar el evangelio, de santificar y de servir. Tendr\u00e1n que orar por la Iglesia, comprender\u00e1n que tendr\u00e1n que vivir para los dem\u00e1s y no para ellos,<\/p>\n<p>Por eso, como todos los consagrados, \u201cno podemos estar pensando en qu\u00e9 parroquia quisi\u00e9ramos, no podemos pensar en cu\u00e1l es la que nos da m\u00e1s dinero, no podemos pensar en cu\u00e1l es la que nos da m\u00e1s comodidad. Tienen que estar pensando en poner siempre su vida al servicio del reino de Dios\u201d.<\/p>\n<p>Juraron fidelidad al Obispo que los ordena y a todos los obispos del mundo. \u201cNecesitan de la gracia de dios para cumplir con todo lo que van aprometer\u201d, dijo monse\u00f1or Julio C\u00e9sar y enseguida hizo recomendaciones a los participantes en el acto:<\/p>\n<p>1.- Presb\u00edteros. Acogerlos y agradecer a Dios este momento con amor, con cari\u00f1o y darles ejemplo<\/p>\n<p>2.- Familiares. Orar por ellos para que el compromiso adquirido lo mantengan firme y lo puedan cumplir.<\/p>\n<p>3.- Pueblo de Dios. Orar por cada uno de los di\u00e1conos.<\/p>\n<p><b>RAFAEL ANTONIO PAB\u00d3N<\/b><\/p>\n<p><b><a href=\"mailto:rafaelpabon58@hotmail.com\">rafaelpabon58@hotmail.com<\/a><\/b><\/p>\n<p>&nbsp;<\/p>\n<p>&nbsp; <\/p>\n","protected":false},"excerpt":{"rendered":"<p>C\u00daCUTA.- Wilson David Alba Garc\u00eda, Jaime Enrique Aparicio, Carlos Eduardo Escalante, Wilson Eduardo Montes, Gerluis Mu\u00f1oz Mercado, Sady Oviedo, Fabi\u00e1n Pacheco y V\u00edctor Manuel Rojas recibieron, ayer, la orden como di\u00e1conos de la Iglesia Cat\u00f3lica en C\u00facuta. El acto se cumpli\u00f3 en la Catedral de San Jos\u00e9, con ocasi\u00f3n de la fiesta del patrono de &hellip;<\/p>\n","protected":false},"author":1,"featured_media":21072,"comment_status":"open","ping_status":"open","sticky":false,"template":"","format":"standard","meta":{"footnotes":""},"categories":[10,32],"tags":[318,8,1151,1267],"class_list":["post-21071","post","type-post","status-publish","format-standard","has-post-thumbnail","hentry","category-cronicas","category-recorrido-por-la-region","tag-cucuta","tag-diocesis-de-cucuta","tag-monsenor-julio-cesar-vidal-ortiz","tag-nuevos-diaconos"],"_links":{"self":[{"href":"https:\/\/contraluzcucuta.co\/index.php?rest_route=\/wp\/v2\/posts\/21071","targetHints":{"allow":["GET"]}}],"collection":[{"href":"https:\/\/contraluzcucuta.co\/index.php?rest_route=\/wp\/v2\/posts"}],"about":[{"href":"https:\/\/contraluzcucuta.co\/index.php?rest_route=\/wp\/v2\/types\/post"}],"author":[{"embeddable":true,"href":"https:\/\/contraluzcucuta.co\/index.php?rest_route=\/wp\/v2\/users\/1"}],"replies":[{"embeddable":true,"href":"https:\/\/contraluzcucuta.co\/index.php?rest_route=%2Fwp%2Fv2%2Fcomments&post=21071"}],"version-history":[{"count":1,"href":"https:\/\/contraluzcucuta.co\/index.php?rest_route=\/wp\/v2\/posts\/21071\/revisions"}],"predecessor-version":[{"id":21073,"href":"https:\/\/contraluzcucuta.co\/index.php?rest_route=\/wp\/v2\/posts\/21071\/revisions\/21073"}],"wp:featuredmedia":[{"embeddable":true,"href":"https:\/\/contraluzcucuta.co\/index.php?rest_route=\/wp\/v2\/media\/21072"}],"wp:attachment":[{"href":"https:\/\/contraluzcucuta.co\/index.php?rest_route=%2Fwp%2Fv2%2Fmedia&parent=21071"}],"wp:term":[{"taxonomy":"category","embeddable":true,"href":"https:\/\/contraluzcucuta.co\/index.php?rest_route=%2Fwp%2Fv2%2Fcategories&post=21071"},{"taxonomy":"post_tag","embeddable":true,"href":"https:\/\/contraluzcucuta.co\/index.php?rest_route=%2Fwp%2Fv2%2Ftags&post=21071"}],"curies":[{"name":"wp","href":"https:\/\/api.w.org\/{rel}","templated":true}]}}