{"id":21068,"date":"2014-03-19T22:30:45","date_gmt":"2014-03-20T03:30:45","guid":{"rendered":"http:\/\/contraluzcucuta.co\/?p=21068"},"modified":"2014-03-19T22:30:45","modified_gmt":"2014-03-20T03:30:45","slug":"avanza-modelo-de-reintegracion-comunitaria-en-norte-de-santander","status":"publish","type":"post","link":"https:\/\/contraluzcucuta.co\/?p=21068","title":{"rendered":"Avanza Modelo de Reintegraci\u00f3n Comunitaria en Norte de Santander"},"content":{"rendered":"<p><b style=\"line-height: 1.5em;\">C\u00daCUTA.-<\/b><span style=\"line-height: 1.5em;\"> La Universidad Francisco de Paula Santander, por medio del Grupo de Investigaci\u00f3n en Estudios Sociales y Pedagog\u00eda para la Paz (Giesppaz), se desempe\u00f1a como operador del Modelo de Reintegraci\u00f3n Comunitaria (MRC) en Norte de Santander. El proyecto es coordinado en el pa\u00eds por la Agencia Colombiana para la Reintegraci\u00f3n.<\/span><\/p>\n<p>El convenio consiste en desarrollar el Modelo en la poblaci\u00f3n participante en el proceso de reintegraci\u00f3n, en el barrio Sim\u00f3n Bol\u00edvar (Comuna 6), de C\u00facuta.<\/p>\n<p>El trabajo se cumple en cuatro fases:<\/p>\n<p>1.- Focalizaci\u00f3n de la comunidad y de la poblaci\u00f3n participante<\/p>\n<p>2.- Formaci\u00f3n ciudadana<\/p>\n<p>3.- Proyecto de servicio a la comunidad, con recursos de la Agencia y el liderazgo de la UFPS<\/p>\n<p>4.- Art\u00edstica \u2013 simb\u00f3lica. Se hace uso del arte, la poes\u00eda y la m\u00fasica como elementos de reintegraci\u00f3n en la sociedad.<\/p>\n<p>El MRC tiene como objetivo reintegrar a personas que han estado al margen de la ley. Opera el modelo nacional con un agregado que permiti\u00f3 la Agencia, desarrollar el modelo propio \u2018Paz y vida\u2019.<\/p>\n<p>Entre los resultados est\u00e1 haber logrado la integraci\u00f3n de docentes y estudiantes pertenecientes al grupo y semillero de investigaci\u00f3n al trabajo con 300 familias. Desde lo cotidiano, con la vivencia del d\u00eda a d\u00eda, aportan para construir paz y de alguna manera aportarle al prop\u00f3sito de Estado.<\/p>\n<p>El 28 de marzo, se adelantar\u00e1 un coloquio en el auditorio de la Biblioteca Eduardo Cote Lamus. Ser\u00e1 un acto por la paz que servir\u00e1 para contarle a la comunidad universitaria qu\u00e9 es el proceso de reintegraci\u00f3n, c\u00f3mo es el modelo y qu\u00e9 hace la UFPS en el barrio.<\/p>\n<p>Ese d\u00eda el mensaje para la regi\u00f3n y el pa\u00eds ser\u00e1 \u2018la Agencia Nacional, junto con la Universidad, est\u00e1n en el posible escenario de paz\u201d.<\/p>\n<p>Uno de los logros m\u00e1s significativos del proceso es la graduaci\u00f3n de 180 personas de la comunidad, junto a 30 desmovilizadas en proceso de reintegraci\u00f3n.<\/p>\n<p>Los beneficiados participaron en el \u00a0diplomado \u2018La paz es el camino: inclusi\u00f3n social, convivencia y reconciliaci\u00f3n desde la perspectiva de una pedagog\u00eda para la paz\u201d. El acto se cumplir\u00e1, el 29 de marzo, en el auditorio de la Biblioteca de la universidad, a las 3:00 de la tarde.<\/p>\n<p>&nbsp;<\/p>\n<p>&nbsp; <\/p>\n","protected":false},"excerpt":{"rendered":"<p>C\u00daCUTA.- La Universidad Francisco de Paula Santander, por medio del Grupo de Investigaci\u00f3n en Estudios Sociales y Pedagog\u00eda para la Paz (Giesppaz), se desempe\u00f1a como operador del Modelo de Reintegraci\u00f3n Comunitaria (MRC) en Norte de Santander. El proyecto es coordinado en el pa\u00eds por la Agencia Colombiana para la Reintegraci\u00f3n. El convenio consiste en desarrollar &hellip;<\/p>\n","protected":false},"author":1,"featured_media":21069,"comment_status":"open","ping_status":"open","sticky":false,"template":"","format":"standard","meta":{"footnotes":""},"categories":[5,36],"tags":[1266,229,336],"class_list":["post-21068","post","type-post","status-publish","format-standard","has-post-thumbnail","hentry","category-justicia-transicional","category-la-voz-del-pueblo","tag-giesppaz","tag-ufps","tag-universidad-francisco-de-paula-santander"],"_links":{"self":[{"href":"https:\/\/contraluzcucuta.co\/index.php?rest_route=\/wp\/v2\/posts\/21068","targetHints":{"allow":["GET"]}}],"collection":[{"href":"https:\/\/contraluzcucuta.co\/index.php?rest_route=\/wp\/v2\/posts"}],"about":[{"href":"https:\/\/contraluzcucuta.co\/index.php?rest_route=\/wp\/v2\/types\/post"}],"author":[{"embeddable":true,"href":"https:\/\/contraluzcucuta.co\/index.php?rest_route=\/wp\/v2\/users\/1"}],"replies":[{"embeddable":true,"href":"https:\/\/contraluzcucuta.co\/index.php?rest_route=%2Fwp%2Fv2%2Fcomments&post=21068"}],"version-history":[{"count":1,"href":"https:\/\/contraluzcucuta.co\/index.php?rest_route=\/wp\/v2\/posts\/21068\/revisions"}],"predecessor-version":[{"id":21070,"href":"https:\/\/contraluzcucuta.co\/index.php?rest_route=\/wp\/v2\/posts\/21068\/revisions\/21070"}],"wp:featuredmedia":[{"embeddable":true,"href":"https:\/\/contraluzcucuta.co\/index.php?rest_route=\/wp\/v2\/media\/21069"}],"wp:attachment":[{"href":"https:\/\/contraluzcucuta.co\/index.php?rest_route=%2Fwp%2Fv2%2Fmedia&parent=21068"}],"wp:term":[{"taxonomy":"category","embeddable":true,"href":"https:\/\/contraluzcucuta.co\/index.php?rest_route=%2Fwp%2Fv2%2Fcategories&post=21068"},{"taxonomy":"post_tag","embeddable":true,"href":"https:\/\/contraluzcucuta.co\/index.php?rest_route=%2Fwp%2Fv2%2Ftags&post=21068"}],"curies":[{"name":"wp","href":"https:\/\/api.w.org\/{rel}","templated":true}]}}