{"id":21059,"date":"2014-03-19T21:02:50","date_gmt":"2014-03-20T02:02:50","guid":{"rendered":"http:\/\/contraluzcucuta.co\/?p=21059"},"modified":"2014-03-19T21:02:50","modified_gmt":"2014-03-20T02:02:50","slug":"halcones-de-cucuta-no-quieren-saber-nada-de-piratas-de-bogota","status":"publish","type":"post","link":"https:\/\/contraluzcucuta.co\/?p=21059","title":{"rendered":"Halcones de C\u00facuta no quieren saber nada de Piratas de Bogot\u00e1"},"content":{"rendered":"<p><b style=\"line-height: 1.5em;\">C\u00daCUTA.-<\/b><span style=\"line-height: 1.5em;\"> El club de baloncesto profesional Halcones de C\u00facuta debutar\u00e1 en el coliseo Toto Hern\u00e1ndez contra Piratas de Bogot\u00e1, el 21 y 22 de marzo a las 8:00 de la noche. El partido corresponder\u00e1 a la tercera y cuarta fechas de la Liga colombiana.<\/span><\/p>\n<p>El encuentro entre Halcones y Guerreros, tambi\u00e9n de la capital del pa\u00eds, se aplaz\u00f3 porque algunos jugadores del quinteto bogotano ten\u00edan compromisos con la Selecci\u00f3n Colombia en los Sudamericanos de Santiago 2014.<\/p>\n<p>Piratas y los rojinegros perdieron en las \u00faltimas salidas. \u00c1guilas de Tunja se encarg\u00f3 de dar cuenta de los dos equipos. A los rojinegros los venci\u00f3 en casa y a los bucaneros a domicilio.<\/p>\n<p>Para la serie del fin de semana Halcones tiene varias novedades. El profesor Carlos Gil recomend\u00f3 la salida de Julio Migl\u00edonico, Ricardo P\u00e9rez y Junior Mart\u00ednez, por no llenar las expectativas del cuerpo t\u00e9cnico en los dos primeros juegos.<\/p>\n<p>La n\u00f3mina concentrada es la siguiente:<\/p>\n<p>Jos\u00e9 L\u00f3pez, Fernando Lucena, David Reyes, Carlos Palacios, Jacob Ceter, Jhon Romero, Jos\u00e9 Baquero, H\u00e9ctor D\u00edaz y Camilo Velandia.<\/p>\n<p>La boleter\u00eda costar\u00e1 $ 5000 y podr\u00e1 adquirirse en la taquilla del coliseo a partir de las 6:30 de la tarde. S\u00f3lo se habilitar\u00e1 la tribuna Oriental.<\/p>\n<p>&nbsp; <\/p>\n","protected":false},"excerpt":{"rendered":"<p>C\u00daCUTA.- El club de baloncesto profesional Halcones de C\u00facuta debutar\u00e1 en el coliseo Toto Hern\u00e1ndez contra Piratas de Bogot\u00e1, el 21 y 22 de marzo a las 8:00 de la noche. El partido corresponder\u00e1 a la tercera y cuarta fechas de la Liga colombiana. El encuentro entre Halcones y Guerreros, tambi\u00e9n de la capital del &hellip;<\/p>\n","protected":false},"author":1,"featured_media":21060,"comment_status":"open","ping_status":"open","sticky":false,"template":"","format":"standard","meta":{"footnotes":""},"categories":[28],"tags":[585,1261,1260],"class_list":["post-21059","post","type-post","status-publish","format-standard","has-post-thumbnail","hentry","category-vistazo-deportivo","tag-halcones-de-cucuta","tag-liga-profesional-de-baloncesto","tag-piratas-de-bogota"],"_links":{"self":[{"href":"https:\/\/contraluzcucuta.co\/index.php?rest_route=\/wp\/v2\/posts\/21059","targetHints":{"allow":["GET"]}}],"collection":[{"href":"https:\/\/contraluzcucuta.co\/index.php?rest_route=\/wp\/v2\/posts"}],"about":[{"href":"https:\/\/contraluzcucuta.co\/index.php?rest_route=\/wp\/v2\/types\/post"}],"author":[{"embeddable":true,"href":"https:\/\/contraluzcucuta.co\/index.php?rest_route=\/wp\/v2\/users\/1"}],"replies":[{"embeddable":true,"href":"https:\/\/contraluzcucuta.co\/index.php?rest_route=%2Fwp%2Fv2%2Fcomments&post=21059"}],"version-history":[{"count":1,"href":"https:\/\/contraluzcucuta.co\/index.php?rest_route=\/wp\/v2\/posts\/21059\/revisions"}],"predecessor-version":[{"id":21061,"href":"https:\/\/contraluzcucuta.co\/index.php?rest_route=\/wp\/v2\/posts\/21059\/revisions\/21061"}],"wp:featuredmedia":[{"embeddable":true,"href":"https:\/\/contraluzcucuta.co\/index.php?rest_route=\/wp\/v2\/media\/21060"}],"wp:attachment":[{"href":"https:\/\/contraluzcucuta.co\/index.php?rest_route=%2Fwp%2Fv2%2Fmedia&parent=21059"}],"wp:term":[{"taxonomy":"category","embeddable":true,"href":"https:\/\/contraluzcucuta.co\/index.php?rest_route=%2Fwp%2Fv2%2Fcategories&post=21059"},{"taxonomy":"post_tag","embeddable":true,"href":"https:\/\/contraluzcucuta.co\/index.php?rest_route=%2Fwp%2Fv2%2Ftags&post=21059"}],"curies":[{"name":"wp","href":"https:\/\/api.w.org\/{rel}","templated":true}]}}