{"id":21057,"date":"2014-03-18T23:10:22","date_gmt":"2014-03-19T04:10:22","guid":{"rendered":"http:\/\/contraluzcucuta.co\/?p=21057"},"modified":"2014-03-18T23:10:22","modified_gmt":"2014-03-19T04:10:22","slug":"cucuta-deportivo-en-racha-ganadora","status":"publish","type":"post","link":"https:\/\/contraluzcucuta.co\/?p=21057","title":{"rendered":"C\u00facuta Deportivo, en racha ganadora"},"content":{"rendered":"<p><b style=\"line-height: 1.5em;\">C\u00daCUTA.-<\/b><span style=\"line-height: 1.5em;\"> Los n\u00fameros que acumula el C\u00facuta Deportivo, despu\u00e9s de nueve fechas del campeonato de la segunda categor\u00eda del f\u00fatbol profesional colombiano, tienen satisfechos y sonrientes a directivos, aficionados, jugadores y cuerpo t\u00e9cnico.<\/span><\/p>\n<p>Despu\u00e9s del comienzo tortuoso y sin futuro, el elenco rojinegro se asent\u00f3 en el f\u00fatbol que quieren ver los hinchas y ha ganado los \u00faltimos cinco compromisos. Y eso les gusta a los que se mantienen fieles a la camiseta y siguen de cerca al equipo.<\/p>\n<p>Merced a esas victorias de los \u00faltimos encuentros, el once fronterizo ocupa la cuarta casilla de la clasificaci\u00f3n general. En el acumulado suma 16 puntos y est\u00e1 a dos del puntero. Algunos de los aficionados no quieren que asuma el liderato del torneo por la responsabilidad que implica y prefieren que nade en las aguas que ofrecen los cuatro primeros puestos.<\/p>\n<p>El cuadro cucute\u00f1o ha empatado un partido y perdido tres, tiene 12 goles a favor y 9 en contra, para una diferencia de 3 anotaciones.<\/p>\n<p>En medio de las sonrisas aparecen las muecas.<\/p>\n<p>1.- El m\u00e9dico Edgar Cardona Reyes inform\u00f3 que el delantero\u00a0 Jonathan Palacios termin\u00f3\u00a0 el partido frente\u00a0 a Barranquilla con distensi\u00f3n del ligamento colateral medial de la rodilla derecha. El jugador adelanta trabajos\u00a0 de rehabilitaci\u00f3n\u00a0 con los fisioterapeutas del club.<\/p>\n<p>2.- El atacante\u00a0\u00a0 Jos\u00e9 Largacha fue intervenido quir\u00fargicamente de un acceso rotuliano de\u00a0 la rodilla izquierda\u00a0 y\u00a0 se encuentra en recuperaci\u00f3n en la cl\u00ednica Santa Ana. Present\u00f3 inflamaci\u00f3n en la rodilla. La lesi\u00f3n no es frecuente.<\/p>\n<p>3.- El arquero Miguel Vargas sufri\u00f3 en el entrenamiento del s\u00e1bado un trauma en la rodilla izquierda, con posible lesi\u00f3n meniscal. Las\u00a0 im\u00e1genes diagnosticas cuantificar\u00e1n la lesi\u00f3n.<\/p>\n<p>4.- El defensa central Pablo Escobar finaliza el proceso de recuperaci\u00f3n de la contractura en el muslo derecho. Inici\u00f3\u00a0 trabajos de campo\u00a0 bajo las \u00f3rdenes del cuerpo t\u00e9cnico.<\/p>\n<p>&nbsp; <\/p>\n","protected":false},"excerpt":{"rendered":"<p>C\u00daCUTA.- Los n\u00fameros que acumula el C\u00facuta Deportivo, despu\u00e9s de nueve fechas del campeonato de la segunda categor\u00eda del f\u00fatbol profesional colombiano, tienen satisfechos y sonrientes a directivos, aficionados, jugadores y cuerpo t\u00e9cnico. Despu\u00e9s del comienzo tortuoso y sin futuro, el elenco rojinegro se asent\u00f3 en el f\u00fatbol que quieren ver los hinchas y ha &hellip;<\/p>\n","protected":false},"author":1,"featured_media":20702,"comment_status":"open","ping_status":"open","sticky":false,"template":"","format":"standard","meta":{"footnotes":""},"categories":[28],"tags":[1086],"class_list":["post-21057","post","type-post","status-publish","format-standard","has-post-thumbnail","hentry","category-vistazo-deportivo","tag-cucuta-deportivo-2014"],"_links":{"self":[{"href":"https:\/\/contraluzcucuta.co\/index.php?rest_route=\/wp\/v2\/posts\/21057","targetHints":{"allow":["GET"]}}],"collection":[{"href":"https:\/\/contraluzcucuta.co\/index.php?rest_route=\/wp\/v2\/posts"}],"about":[{"href":"https:\/\/contraluzcucuta.co\/index.php?rest_route=\/wp\/v2\/types\/post"}],"author":[{"embeddable":true,"href":"https:\/\/contraluzcucuta.co\/index.php?rest_route=\/wp\/v2\/users\/1"}],"replies":[{"embeddable":true,"href":"https:\/\/contraluzcucuta.co\/index.php?rest_route=%2Fwp%2Fv2%2Fcomments&post=21057"}],"version-history":[{"count":1,"href":"https:\/\/contraluzcucuta.co\/index.php?rest_route=\/wp\/v2\/posts\/21057\/revisions"}],"predecessor-version":[{"id":21058,"href":"https:\/\/contraluzcucuta.co\/index.php?rest_route=\/wp\/v2\/posts\/21057\/revisions\/21058"}],"wp:featuredmedia":[{"embeddable":true,"href":"https:\/\/contraluzcucuta.co\/index.php?rest_route=\/wp\/v2\/media\/20702"}],"wp:attachment":[{"href":"https:\/\/contraluzcucuta.co\/index.php?rest_route=%2Fwp%2Fv2%2Fmedia&parent=21057"}],"wp:term":[{"taxonomy":"category","embeddable":true,"href":"https:\/\/contraluzcucuta.co\/index.php?rest_route=%2Fwp%2Fv2%2Fcategories&post=21057"},{"taxonomy":"post_tag","embeddable":true,"href":"https:\/\/contraluzcucuta.co\/index.php?rest_route=%2Fwp%2Fv2%2Ftags&post=21057"}],"curies":[{"name":"wp","href":"https:\/\/api.w.org\/{rel}","templated":true}]}}