{"id":21045,"date":"2014-03-18T17:57:25","date_gmt":"2014-03-18T22:57:25","guid":{"rendered":"http:\/\/contraluzcucuta.co\/?p=21045"},"modified":"2014-03-18T17:57:25","modified_gmt":"2014-03-18T22:57:25","slug":"vladdo-en-catedra-semana-de-la-universidad-de-pamplona","status":"publish","type":"post","link":"https:\/\/contraluzcucuta.co\/?p=21045","title":{"rendered":"\u2018Vladdo\u2019, en C\u00e1tedra Semana de la Universidad de Pamplona"},"content":{"rendered":"<p><b style=\"line-height: 1.5em;\">PAMPLONA \u2013 Norte de Santander.-<\/b><span style=\"line-height: 1.5em;\"> \u2018Veinte a\u00f1os de Vladdoman\u00eda\u2019 ser\u00e1 el tema central de la C\u00e1tedra Semana, el 2 de abril, con el periodista y caricaturista Vladmir Fl\u00f3rez, \u2018Vladdo\u2019. La actividad acad\u00e9mica en la instituci\u00f3n desde 2007, tras el convenio firmado entre la revista Semana y la Universidad de Pamplona, mediante el programa de Comunicaci\u00f3n Social.<\/span><\/p>\n<p>El espacio estar\u00e1 abierto para estudiantes de comunicaci\u00f3n social, comunidad acad\u00e9mica y ciudadan\u00eda. La Conferencia tendr\u00e1 lugar en el Teatro J\u00e1uregui.<\/p>\n<p>El director del departamento de Comunicaci\u00f3n Social de la Universidad de Pamplona, William Javier G\u00f3mez, destac\u00f3 que con apoyo de la rector\u00eda contin\u00faa en vigencia la C\u00e1tedra \u00a0para provecho de los alumnos.<\/p>\n<p>En a\u00f1os anteriores, han visitado a Pamplona Rodrigo Pardo Garc\u00eda-Pe\u00f1a, Mar\u00eda Alejandra Villamizar y Francisco Miranda.<\/p>\n<p>\u2018Vladdo\u2019 es periodista, dise\u00f1ador, ilustrador y columnista. En la revista tiene a cargo la secci\u00f3n \u2018Vladdoman\u00eda\u2019 y \u2018Aleida\u2019. Adem\u00e1s, dise\u00f1a y dirige el peri\u00f3dico \u2018Un Pasqu\u00edn\u2019.<\/p>\n<p>Ha ganado el Premio de Periodismo Sim\u00f3n Bol\u00edvar en cuatro oportunidades, en una ocasi\u00f3n el Premio Nacional de Periodismo del C\u00edrculo de Periodistas de Bogot\u00e1 \u2013CPB-, \u00a0el Premio de Excelencia otorgado por la Sociedad Interamericana de Prensa y el Premio de Excelencia de la Society for News Design.<\/p>\n<p>Por varios a\u00f1os fue director creativo de Semana y de la revista Poder de Miami, Estados Unidos, y consultor en la parte de dise\u00f1o de distintos medios impresos de Colombia y del exterior.<\/p>\n<p>&nbsp; <\/p>\n","protected":false},"excerpt":{"rendered":"<p>PAMPLONA \u2013 Norte de Santander.- \u2018Veinte a\u00f1os de Vladdoman\u00eda\u2019 ser\u00e1 el tema central de la C\u00e1tedra Semana, el 2 de abril, con el periodista y caricaturista Vladmir Fl\u00f3rez, \u2018Vladdo\u2019. La actividad acad\u00e9mica en la instituci\u00f3n desde 2007, tras el convenio firmado entre la revista Semana y la Universidad de Pamplona, mediante el programa de Comunicaci\u00f3n &hellip;<\/p>\n","protected":false},"author":1,"featured_media":21046,"comment_status":"open","ping_status":"open","sticky":false,"template":"","format":"standard","meta":{"footnotes":""},"categories":[74,45],"tags":[161,449,1257],"class_list":["post-21045","post","type-post","status-publish","format-standard","has-post-thumbnail","hentry","category-aula-universitaria","category-destacado","tag-universidad-de-pamplona","tag-vladdo","tag-vladdomania"],"_links":{"self":[{"href":"https:\/\/contraluzcucuta.co\/index.php?rest_route=\/wp\/v2\/posts\/21045","targetHints":{"allow":["GET"]}}],"collection":[{"href":"https:\/\/contraluzcucuta.co\/index.php?rest_route=\/wp\/v2\/posts"}],"about":[{"href":"https:\/\/contraluzcucuta.co\/index.php?rest_route=\/wp\/v2\/types\/post"}],"author":[{"embeddable":true,"href":"https:\/\/contraluzcucuta.co\/index.php?rest_route=\/wp\/v2\/users\/1"}],"replies":[{"embeddable":true,"href":"https:\/\/contraluzcucuta.co\/index.php?rest_route=%2Fwp%2Fv2%2Fcomments&post=21045"}],"version-history":[{"count":1,"href":"https:\/\/contraluzcucuta.co\/index.php?rest_route=\/wp\/v2\/posts\/21045\/revisions"}],"predecessor-version":[{"id":21047,"href":"https:\/\/contraluzcucuta.co\/index.php?rest_route=\/wp\/v2\/posts\/21045\/revisions\/21047"}],"wp:featuredmedia":[{"embeddable":true,"href":"https:\/\/contraluzcucuta.co\/index.php?rest_route=\/wp\/v2\/media\/21046"}],"wp:attachment":[{"href":"https:\/\/contraluzcucuta.co\/index.php?rest_route=%2Fwp%2Fv2%2Fmedia&parent=21045"}],"wp:term":[{"taxonomy":"category","embeddable":true,"href":"https:\/\/contraluzcucuta.co\/index.php?rest_route=%2Fwp%2Fv2%2Fcategories&post=21045"},{"taxonomy":"post_tag","embeddable":true,"href":"https:\/\/contraluzcucuta.co\/index.php?rest_route=%2Fwp%2Fv2%2Ftags&post=21045"}],"curies":[{"name":"wp","href":"https:\/\/api.w.org\/{rel}","templated":true}]}}