{"id":21031,"date":"2014-03-16T20:33:52","date_gmt":"2014-03-17T01:33:52","guid":{"rendered":"http:\/\/contraluzcucuta.co\/?p=21031"},"modified":"2014-03-18T22:42:45","modified_gmt":"2014-03-19T03:42:45","slug":"panorama-economico-positivo-para-el-nororiente","status":"publish","type":"post","link":"https:\/\/contraluzcucuta.co\/?p=21031","title":{"rendered":"Panorama econ\u00f3mico positivo para el Nororiente"},"content":{"rendered":"<p><span style=\"line-height: 1.5em;\">Resultados positivos en la <\/span><a style=\"line-height: 1.5em;\" href=\"file:\/\/\/G:\/MIS%20DESCARGAS\/ber_nororiente_tri4_2013.pdf\">actividad econ\u00f3mica del Nororiente<\/a><span style=\"line-height: 1.5em;\">, durante el \u00faltimo trimestre del 2013, dada la buena din\u00e1mica en sectores representativos como la industria, el sistema financiero y la actividad av\u00edcola que reflejaron crecimiento interanual en las principales variables. Por el contrario, la miner\u00eda reflej\u00f3 descensos en petr\u00f3leo y carb\u00f3n.<\/span><\/p>\n<p>Se observ\u00f3 expansi\u00f3n de la balanza comercial debido al incremento de las exportaciones, reforzado por una reducci\u00f3n de las importaciones; mientras la tasa de desempleo permaneci\u00f3 por encima del promedio nacional en C\u00facuta y Tunja, ciudades en las cuales la inflaci\u00f3n anualizada estuvo por debajo del total del pa\u00eds.<\/p>\n<p>El rendimiento del sector av\u00edcola regional fue positivo en producci\u00f3n de carne de pollo y huevo; no obstante, el encasetamiento de nuevas aves se contrajo. Seg\u00fan el Dane, en 2013 hubo disminuci\u00f3n en el abastecimiento de alimentos en las principales centrales de acopio en la regi\u00f3n. Los desembolsos de Finagro registraron un crecimiento inferior al de 2012.<\/p>\n<p>El sector minero tuvo una d\u00e9bil din\u00e1mica, debido a una reducci\u00f3n interanual en la producci\u00f3n petrolera, provocada principalmente por las fuertes ca\u00eddas en Arauca y Norte de Santander. En este \u00faltimo departamento tambi\u00e9n hubo contracci\u00f3n en la producci\u00f3n carbon\u00edfera que afect\u00f3 al agregado regional.<\/p>\n<p>En la industria, se evidenci\u00f3 incremento interanual tanto de las ventas como la producci\u00f3n real de Nororiente, aunque acompa\u00f1ado de una contracci\u00f3n en el personal que este sector ocup\u00f3.<\/p>\n<p>El balance regional result\u00f3 positivo en las exportaciones, que para el \u00faltimo trimestre del a\u00f1o alcanzaron un aumento anual de 14,4 %; contrario a lo sucedido con las importaciones, que sufrieron un descenso importante respecto a 2012.<\/p>\n<p>En trasporte a\u00e9reo se present\u00f3 avance interanual tanto en las operaciones como en el n\u00famero de pasajeros y carga movilizada. El sector turismo no tuvo buen resultado, dada la ca\u00edda en la ocupaci\u00f3n hotelera en Norte de Santander y Boyac\u00e1, parcialmente mitigada por el leve aumento en Santander.<\/p>\n<p>Tanto las captaciones como la cartera neta del sistema financiero en los departamentos de la regi\u00f3n tuvieron buen desempe\u00f1o. Mientras las captaciones tuvieron la mayor expansi\u00f3n en Norte de Santander, la cartera neta tuvo como principal punto de desarrollo a Santander.<\/p>\n<p>C\u00facuta y Tunja tuvieron tasas de desempleo superiores al consolidado nacional. Al tiempo que denotaron una tasa de inflaci\u00f3n anualizada por debajo del dato para el agregado del total del pa\u00eds.<\/p>\n<p>Resumen del Bolet\u00edn Econ\u00f3mico Regional &#8211; IV trimestre de 2013 &#8211; Nororiente<\/p>\n<p>file:\/\/\/G:\/MIS%20DESCARGAS\/ber_nororiente_tri4_2013.pdf<\/p>\n<p>&nbsp; <\/p>\n","protected":false},"excerpt":{"rendered":"<p>Resultados positivos en la actividad econ\u00f3mica del Nororiente, durante el \u00faltimo trimestre del 2013, dada la buena din\u00e1mica en sectores representativos como la industria, el sistema financiero y la actividad av\u00edcola que reflejaron crecimiento interanual en las principales variables. Por el contrario, la miner\u00eda reflej\u00f3 descensos en petr\u00f3leo y carb\u00f3n. Se observ\u00f3 expansi\u00f3n de la &hellip;<\/p>\n","protected":false},"author":1,"featured_media":21032,"comment_status":"open","ping_status":"open","sticky":false,"template":"","format":"standard","meta":{"footnotes":""},"categories":[106,6],"tags":[1251],"class_list":["post-21031","post","type-post","status-publish","format-standard","has-post-thumbnail","hentry","category-documentos","category-ojo-avizor","tag-boletin-economico-regional"],"_links":{"self":[{"href":"https:\/\/contraluzcucuta.co\/index.php?rest_route=\/wp\/v2\/posts\/21031","targetHints":{"allow":["GET"]}}],"collection":[{"href":"https:\/\/contraluzcucuta.co\/index.php?rest_route=\/wp\/v2\/posts"}],"about":[{"href":"https:\/\/contraluzcucuta.co\/index.php?rest_route=\/wp\/v2\/types\/post"}],"author":[{"embeddable":true,"href":"https:\/\/contraluzcucuta.co\/index.php?rest_route=\/wp\/v2\/users\/1"}],"replies":[{"embeddable":true,"href":"https:\/\/contraluzcucuta.co\/index.php?rest_route=%2Fwp%2Fv2%2Fcomments&post=21031"}],"version-history":[{"count":1,"href":"https:\/\/contraluzcucuta.co\/index.php?rest_route=\/wp\/v2\/posts\/21031\/revisions"}],"predecessor-version":[{"id":21033,"href":"https:\/\/contraluzcucuta.co\/index.php?rest_route=\/wp\/v2\/posts\/21031\/revisions\/21033"}],"wp:featuredmedia":[{"embeddable":true,"href":"https:\/\/contraluzcucuta.co\/index.php?rest_route=\/wp\/v2\/media\/21032"}],"wp:attachment":[{"href":"https:\/\/contraluzcucuta.co\/index.php?rest_route=%2Fwp%2Fv2%2Fmedia&parent=21031"}],"wp:term":[{"taxonomy":"category","embeddable":true,"href":"https:\/\/contraluzcucuta.co\/index.php?rest_route=%2Fwp%2Fv2%2Fcategories&post=21031"},{"taxonomy":"post_tag","embeddable":true,"href":"https:\/\/contraluzcucuta.co\/index.php?rest_route=%2Fwp%2Fv2%2Ftags&post=21031"}],"curies":[{"name":"wp","href":"https:\/\/api.w.org\/{rel}","templated":true}]}}