{"id":21025,"date":"2014-03-16T19:34:22","date_gmt":"2014-03-17T00:34:22","guid":{"rendered":"http:\/\/contraluzcucuta.co\/?p=21025"},"modified":"2014-03-16T20:51:31","modified_gmt":"2014-03-17T01:51:31","slug":"metrovivienda-estrena-moderna-sede","status":"publish","type":"post","link":"https:\/\/contraluzcucuta.co\/?p=21025","title":{"rendered":"Metrovivienda estrena moderna sede"},"content":{"rendered":"<p><b style=\"line-height: 1.5em;\">C\u00daCUTA.-<\/b><span style=\"line-height: 1.5em;\"> Metrovivienda tiene nueva sede. Ahora, atiende a los cucute\u00f1os en la avenida primera con calle 20, en Barrio Blanco. La inauguraci\u00f3n se hizo con presencia del ministro de Vivienda, Ciudad y Territorio, Luis Felipe Henao Cardona; el alcalde Donamaris Ram\u00edrez y la gerenta Luz Karime Coronel. El objetivo es el fortalecimiento de la instituci\u00f3n, enmarcado en la l\u00ednea de h\u00e1bitat del Plan de Desarrollo Municipal.<\/span><\/p>\n<p>La nueva etapa de trabajo le permitir\u00e1 a Metrovivienda proyectarse como entidad que promueve el avance social y econ\u00f3mico, mediante el fortalecimiento de estrategias de desarrollo urbano y de ciudad.<\/p>\n<p>Desde el nuevo punto de atenci\u00f3n \u00a0continuar\u00e1 el impulso de los planes masivos de vivienda de inter\u00e9s social en la capital del departamento, para la poblaci\u00f3n pobre y vulnerable de los estratos 1 y 2, y los proyectos de desarrollo urbano para el municipio.<\/p>\n<p>Luego de la entrega de la sede de Metrovivienda, el alcalde Donamaris Ram\u00edrez y el ministro Luis Felipe Henao visitaron la moderna sala de ventas VIPA (Vivienda de Inter\u00e9s Prioritario para Ahorradores), en la Zona Industrial.<\/p>\n<p>Los ahorradores deben acercarse a buscar informaci\u00f3n.<\/p>\n<p>En la oficina los cucute\u00f1os recibir\u00e1n orientaci\u00f3n sobre c\u00f3mo acceder a cr\u00e9ditos y resolver\u00e1n dudas e inquietudes. La atenci\u00f3n al p\u00fablico ser\u00e1 permanente, ma\u00f1ana y tarde.<\/p>\n<p>La medida descongestionar\u00e1 la atenci\u00f3n al p\u00fablico y brindar\u00e1 mayor seguridad a los ahorradores, que en algunos casos hab\u00edan sido v\u00edctimas de estafadores que les cobraban por los formularios, que no tienen costo.<\/p>\n<p>&nbsp; <\/p>\n","protected":false},"excerpt":{"rendered":"<p>C\u00daCUTA.- Metrovivienda tiene nueva sede. Ahora, atiende a los cucute\u00f1os en la avenida primera con calle 20, en Barrio Blanco. La inauguraci\u00f3n se hizo con presencia del ministro de Vivienda, Ciudad y Territorio, Luis Felipe Henao Cardona; el alcalde Donamaris Ram\u00edrez y la gerenta Luz Karime Coronel. El objetivo es el fortalecimiento de la instituci\u00f3n, &hellip;<\/p>\n","protected":false},"author":1,"featured_media":21026,"comment_status":"open","ping_status":"open","sticky":false,"template":"","format":"standard","meta":{"footnotes":""},"categories":[541,6],"tags":[271,866,1183],"class_list":["post-21025","post","type-post","status-publish","format-standard","has-post-thumbnail","hentry","category-ciudad","category-ojo-avizor","tag-alcalde-donamaris-ramirez","tag-metrovivienda","tag-ministerio-de-vivienda"],"_links":{"self":[{"href":"https:\/\/contraluzcucuta.co\/index.php?rest_route=\/wp\/v2\/posts\/21025","targetHints":{"allow":["GET"]}}],"collection":[{"href":"https:\/\/contraluzcucuta.co\/index.php?rest_route=\/wp\/v2\/posts"}],"about":[{"href":"https:\/\/contraluzcucuta.co\/index.php?rest_route=\/wp\/v2\/types\/post"}],"author":[{"embeddable":true,"href":"https:\/\/contraluzcucuta.co\/index.php?rest_route=\/wp\/v2\/users\/1"}],"replies":[{"embeddable":true,"href":"https:\/\/contraluzcucuta.co\/index.php?rest_route=%2Fwp%2Fv2%2Fcomments&post=21025"}],"version-history":[{"count":1,"href":"https:\/\/contraluzcucuta.co\/index.php?rest_route=\/wp\/v2\/posts\/21025\/revisions"}],"predecessor-version":[{"id":21027,"href":"https:\/\/contraluzcucuta.co\/index.php?rest_route=\/wp\/v2\/posts\/21025\/revisions\/21027"}],"wp:featuredmedia":[{"embeddable":true,"href":"https:\/\/contraluzcucuta.co\/index.php?rest_route=\/wp\/v2\/media\/21026"}],"wp:attachment":[{"href":"https:\/\/contraluzcucuta.co\/index.php?rest_route=%2Fwp%2Fv2%2Fmedia&parent=21025"}],"wp:term":[{"taxonomy":"category","embeddable":true,"href":"https:\/\/contraluzcucuta.co\/index.php?rest_route=%2Fwp%2Fv2%2Fcategories&post=21025"},{"taxonomy":"post_tag","embeddable":true,"href":"https:\/\/contraluzcucuta.co\/index.php?rest_route=%2Fwp%2Fv2%2Ftags&post=21025"}],"curies":[{"name":"wp","href":"https:\/\/api.w.org\/{rel}","templated":true}]}}