{"id":21005,"date":"2014-03-13T19:55:38","date_gmt":"2014-03-14T00:55:38","guid":{"rendered":"http:\/\/contraluzcucuta.co\/?p=21005"},"modified":"2014-03-13T19:55:38","modified_gmt":"2014-03-14T00:55:38","slug":"damnificado-al-presidente-le-quedo-grande-gramalote","status":"publish","type":"post","link":"https:\/\/contraluzcucuta.co\/?p=21005","title":{"rendered":"Damnificado. \u201cAl Presidente le qued\u00f3 grande Gramalote\u201d"},"content":{"rendered":"<p><b style=\"line-height: 1.5em;\">C\u00daCUTA.-<\/b><span style=\"line-height: 1.5em;\"> La audiencia p\u00fablica sobre Gramalote, efectuada el 12 de marzo en C\u00facuta, no dej\u00f3 conformes a los damnificados de la tragedia, ocurrida el 17 de diciembre de 2010. Los gramaloteros criticaron al presidente Juan Manuel Santos, al Fondo Adaptaci\u00f3n y al proceso de reasentamiento.<\/span><\/p>\n<p>En medio del calor provocado por las promesas no cumplidas, los perjudicados por la naturaleza se\u00f1alaron que \u201cal Presidente le qued\u00f3 grande Gramalote\u201d. Santos, meses atr\u00e1s, visit\u00f3 la zona y pidi\u00f3 perd\u00f3n por los errores cometidos. En ese momento le creyeron. Hoy, la imagen est\u00e1 resquebrajada.<\/p>\n<p>\u201cEl Fondo Adaptaci\u00f3n trafica con la conciencia de los gramaloteros\u201d, dijo otro hombre, mientras despachaba palabras cargadas de resentimiento. Llevan 39 meses como errantes por varios municipios de Norte de Santander sin que se vea una soluci\u00f3n a la vista.<\/p>\n<p>En la reuni\u00f3n, con participaci\u00f3n de la Contralor\u00eda, la Gobernaci\u00f3n, el Fondo, la Universidad de Pamplona, la Alcald\u00eda y el pueblo, volvi\u00f3 a aflorar la discusi\u00f3n sobre el lugar para levantar el casco urbano. Todav\u00eda hay quienes se resisten a aceptar el predio de Miraflores y levantan la voz para proponer a Pomarroso.<\/p>\n<p>El Gobierno y la Asamblea de Norte de Santander decidieron que el lugar ideal es Miraflores. Especialistas del Fondo han explicado ene veces el por qu\u00e9 tomaron la decisi\u00f3n. Muchos gramaloteros est\u00e1n convencidos. Sin embargo, quedan inconformes a pesar de las explicaciones geogr\u00e1ficas, econ\u00f3micas y de comodidad.<\/p>\n<p>En la negociaci\u00f3n para adquirir el terreno ideal falta llegar a acuerdos con los propietarios de tres predios. Si no ceden a las pretensiones del Fondo se aplicar\u00e1 la medida de expropiaci\u00f3n. Al anunciarse esta determinaci\u00f3n los \u00e1nimos se caldearon.<\/p>\n<p>\u201c\u00bfPor qu\u00e9 expropiar, acaso esto es Venezuela?\u201d, pregunt\u00f3 un damnificado. Otro se\u00f1al\u00f3 que \u201cexpropiar en gramalote es penoso\u201d. Solo faltan 9,7 hect\u00e1reas para cumplir la tarea y ese terreno es el que debe expropiarse para continuar con el proceso.<\/p>\n<p>El presupuesto para el reasentamiento del casco urbano y la rehabilitaci\u00f3n econ\u00f3mica de Gramalote asciende a $ 163.777,9 millones. Se han contratado $ 102.876,2 millones\u00a0 ($ 73.094,4 millones corresponden con la Gobernaci\u00f3n de Norte de Santander) y faltan por contratar $ 61.701,7 millones.<\/p>\n<p>Los gramaloteros criticaron las cifras y mostraron inconformidad con los n\u00fameros, porque no se ven las obras y consideraron que el dinero se pierde en burocracia.<\/p>\n<p>La gerenta del Fondo Adaptaci\u00f3n, Carmen Ar\u00e9valo, asistir\u00e1 en C\u00facuta a la instalaci\u00f3n de la audiencia de aclaraci\u00f3n de base del \u2018Concurso p\u00fablico nacional de anteproyectos arquitect\u00f3nicos para la elaboraci\u00f3n de los dise\u00f1os de los equipamientos urbanos para el nuevo Gramalote\u201d.<\/p>\n<p>A la funcionaria se le ha pedido que en las obras tengan en cuenta los productos de la regi\u00f3n, espec\u00edficamente la arcilla. En la reuni\u00f3n de este viernes, se abrir\u00e1 un espacio para que los arcilleros presenten la oferta y la capacidad instalada ante las empresas participantes en la convocatoria.<\/p>\n<p>El gremio arcillero ha ofrecido producir los elementos necesarios y \u00a0fabricar elementos novedosos si arquitectos y urbanistas lo requieren.<\/p>\n<p>\u201cNuevo Gramalote que ser\u00e1 ejemplo en el mundo como modelo de resiliencia, y como una gran obra de reasentamiento nunca antes ejecutada en Colombia\u201d, dijo al final de la jornada el Fondo Adaptaci\u00f3n.<\/p>\n<p>El proyecto mejorar\u00e1 las condiciones de vida de m\u00e1s de 3000 gramaloteros, que tendr\u00e1n en el nuevo municipio un desarrollo econ\u00f3mico con viviendas dignas, dise\u00f1os arquitect\u00f3nicos de alto nivel, moderna infraestructura vial, calidad en los servicios p\u00fablicos y conectividad.<\/p>\n<p>&nbsp; <\/p>\n","protected":false},"excerpt":{"rendered":"<p>C\u00daCUTA.- La audiencia p\u00fablica sobre Gramalote, efectuada el 12 de marzo en C\u00facuta, no dej\u00f3 conformes a los damnificados de la tragedia, ocurrida el 17 de diciembre de 2010. Los gramaloteros criticaron al presidente Juan Manuel Santos, al Fondo Adaptaci\u00f3n y al proceso de reasentamiento. En medio del calor provocado por las promesas no cumplidas, &hellip;<\/p>\n","protected":false},"author":1,"featured_media":21006,"comment_status":"open","ping_status":"open","sticky":false,"template":"","format":"standard","meta":{"footnotes":""},"categories":[7,556,4],"tags":[1248,13,153],"class_list":["post-21005","post","type-post","status-publish","format-standard","has-post-thumbnail","hentry","category-acontecimientos","category-departamento","category-barra","tag-fondo-adaptacion","tag-gramalote","tag-nuevo-gramalote"],"_links":{"self":[{"href":"https:\/\/contraluzcucuta.co\/index.php?rest_route=\/wp\/v2\/posts\/21005","targetHints":{"allow":["GET"]}}],"collection":[{"href":"https:\/\/contraluzcucuta.co\/index.php?rest_route=\/wp\/v2\/posts"}],"about":[{"href":"https:\/\/contraluzcucuta.co\/index.php?rest_route=\/wp\/v2\/types\/post"}],"author":[{"embeddable":true,"href":"https:\/\/contraluzcucuta.co\/index.php?rest_route=\/wp\/v2\/users\/1"}],"replies":[{"embeddable":true,"href":"https:\/\/contraluzcucuta.co\/index.php?rest_route=%2Fwp%2Fv2%2Fcomments&post=21005"}],"version-history":[{"count":1,"href":"https:\/\/contraluzcucuta.co\/index.php?rest_route=\/wp\/v2\/posts\/21005\/revisions"}],"predecessor-version":[{"id":21007,"href":"https:\/\/contraluzcucuta.co\/index.php?rest_route=\/wp\/v2\/posts\/21005\/revisions\/21007"}],"wp:featuredmedia":[{"embeddable":true,"href":"https:\/\/contraluzcucuta.co\/index.php?rest_route=\/wp\/v2\/media\/21006"}],"wp:attachment":[{"href":"https:\/\/contraluzcucuta.co\/index.php?rest_route=%2Fwp%2Fv2%2Fmedia&parent=21005"}],"wp:term":[{"taxonomy":"category","embeddable":true,"href":"https:\/\/contraluzcucuta.co\/index.php?rest_route=%2Fwp%2Fv2%2Fcategories&post=21005"},{"taxonomy":"post_tag","embeddable":true,"href":"https:\/\/contraluzcucuta.co\/index.php?rest_route=%2Fwp%2Fv2%2Ftags&post=21005"}],"curies":[{"name":"wp","href":"https:\/\/api.w.org\/{rel}","templated":true}]}}