{"id":21002,"date":"2014-03-13T18:42:19","date_gmt":"2014-03-13T23:42:19","guid":{"rendered":"http:\/\/contraluzcucuta.co\/?p=21002"},"modified":"2014-03-13T18:42:19","modified_gmt":"2014-03-13T23:42:19","slug":"jairo-ibero-ortega-con-congresistas-o-sin-congresistas-da-la-misma-vaina","status":"publish","type":"post","link":"https:\/\/contraluzcucuta.co\/?p=21002","title":{"rendered":"Jairo Ibero Ortega. \u201cCon congresistas o sin congresistas da la misma vaina\u201d"},"content":{"rendered":"<p><b style=\"line-height: 1.5em;\">C\u00daCUTA.-<\/b><span style=\"line-height: 1.5em;\"> Jairo Ibero Ortega busc\u00f3 en las urnas la Alcald\u00eda de C\u00facuta, la Asamblea de Norte de Santander y el Senado de la Rep\u00fablica. Esas aspiraciones pol\u00edticas no se concretaron por falta de respaldo popular. Se qued\u00f3 como el exconcejal que critica sin remordimientos y como el exdirigente frentero que llama a cada situaci\u00f3n por su nombre y apellidos.<\/span><\/p>\n<p>Las elecciones del 9 de marzo, el futuro de Norte de Santander con los congresistas electos, el fracaso de viejos conocidos en estas lides y la venta de la conciencia por parte del pueblo son aspectos que analiza con cabeza fr\u00eda y palabras certeras.<\/p>\n<p><b>\u00bfCu\u00e1l es el an\u00e1lisis que le queda de la jornada electoral del 9 de marzo?<\/b><\/p>\n<p>Esta es una verdadera sinverg\u00fcenzura, esto es una subasta, una compra y venta de votos. El pueblo, en su gran mayor\u00eda, es sinverg\u00fcenza. Por $10.000 o $ 20.000 vende el voto y no le importa por qui\u00e9n vota. La compra de votos, el domingo, fue tremenda. Adem\u00e1s, el sistema electoral es p\u00e9simo, un tarjet\u00f3n que confunde a la gente. Esto no tiene sentido. Veo que en Colombia, en materia de elecciones, cada d\u00eda vamos m\u00e1s para atr\u00e1s. Los colombianos entienden menos la pol\u00edtica, el d\u00eda de los comicios se vuelven locos a vender el voto, sufren de amnesia transitoria y se les olvidan los problemas del pa\u00eds.<\/p>\n<p><b>\u00bfCu\u00e1l es el an\u00e1lisis para el caso de Norte de Santander?<\/b><\/p>\n<p>Creo que como vamos, no vamos bien. Tenemos problemas terribles de desempleo, falta de dinero, falta de obras y ninguno de los candidatos al senado hablaba sobre el particular. Parece que les daba miedo salir a enfrentar al presidente Juan Manuel Santos para decirle \u2018api\u00e1dese de esta tierra\u2019. \u00a0Todos terminaron con diabetes, llenos de mermelada. No veo nada positivo en beneficio de los nortesantandereanos.<\/p>\n<p><b>\u00bfLa p\u00e9rdida de curules en el senado en qu\u00e9 afecta al departamento?<\/b><\/p>\n<p>De todas maneras, as\u00ed sean malos los tipos, para algo sirven. Por muy malo que sea el senador, por lo menos conseguir\u00e1 una bolsa de cemento para el departamento. Lo malo es que no sirvan para un carajo, pero bueno\u2026 \u00a0Se nos acab\u00f3 el C\u00facuta Deportivo y nos quedamos sin senadores. Hay que volver a los senadores regionales. Si nos va mal con senadores, sin ellos s\u00ed que nos ir\u00e1 peor.<\/p>\n<p><b>\u00bfEl perpetuar apellidos en la pol\u00edtica que tan bueno es para la regi\u00f3n?<\/b><\/p>\n<p>Eso es bueno para las familias de ellos. No le dan la oportunidad a nadie, cierran los anillos. Si alguien aparece y quiere participar en pol\u00edtica en dif\u00edcil porque no tiene plata. Una curul en el Senado cuesta entre $ 8000 millones y $ 10.000 millones. Son las organizaciones delictivas, en las que se ha convertido la pol\u00edtica, las que financias esas compa\u00f1as. Si no se vendiera el voto \u00a0habr\u00eda oportunidad para que la gente decente participara en pol\u00edtica.<\/p>\n<p><b>\u00bfLa p\u00e9rdida de la investidura para Iv\u00e1n Clavijo, Carlos Barriga, Carlos Hern\u00e1ndez y Carlos Le\u00f3n Celis es el castigo del pueblo?<\/b><\/p>\n<p>No. Aqu\u00ed no hay congresistas castigados por el pueblo. Estos son tejemanejes de la pol\u00edtica. Eso ocurre por falta de organizaci\u00f3n, por no defender los votos y por no hacer presencia el d\u00eda de las elecciones en los puestos de votaci\u00f3n.<\/p>\n<p><b>\u00bfC\u00f3mo interpreta que la exalcadesa Mar\u00eda Eugenia no haya cumplido el deseo de llegar a la C\u00e1mara de Representantes?<\/b><\/p>\n<p>No le alcanz\u00f3 la plata. Es la verdad, porque como esto es una subasta, y todos andaban en tragedias, unos prestando plata, otros haciendo ojitos para ver qui\u00e9n los ayudaba. Creo que en esta guerra el que no tuvo plata se qued\u00f3 por fuera.<\/p>\n<p><b>\u00bfLo sorprendi\u00f3 alg\u00fan hecho ocurrido en Norte de Santander?<\/b><\/p>\n<p>Me sorprendi\u00f3 el caso del expresidente \u00c1lvaro Uribe. No le vi mucha gente trabajando, ni comprando votos. Me imagin\u00e9 que la gente no lo calificaba como candidato al Senado sino como jefe de la oposici\u00f3n. Logr\u00f3 recaudar la indisposici\u00f3n de la gente hacia el presidente Santos.<\/p>\n<p><b>\u00bfCon los senadores y representantes electos le ir\u00e1 mejor a Norte de Santander que lo que le fue en los \u00faltimos cuatro a\u00f1os?<\/b><\/p>\n<p>Creo que nos est\u00e1 yendo como al bol\u00edvar, cada d\u00eda m\u00e1s barato. Con ellos o sin ellos da la misma vaina. No veo la raz\u00f3n por qu\u00e9 la gente vota.<\/p>\n<p><b>RAFAEL ANTONIO PAB\u00d3N <\/b><\/p>\n<p><b><a href=\"mailto:rafaelpabon58@hotmail.com\">rafaelpabon58@hotmail.com<\/a><\/b><\/p>\n<p>&nbsp; <\/p>\n","protected":false},"excerpt":{"rendered":"<p>C\u00daCUTA.- Jairo Ibero Ortega busc\u00f3 en las urnas la Alcald\u00eda de C\u00facuta, la Asamblea de Norte de Santander y el Senado de la Rep\u00fablica. Esas aspiraciones pol\u00edticas no se concretaron por falta de respaldo popular. Se qued\u00f3 como el exconcejal que critica sin remordimientos y como el exdirigente frentero que llama a cada situaci\u00f3n por &hellip;<\/p>\n","protected":false},"author":1,"featured_media":21003,"comment_status":"open","ping_status":"open","sticky":false,"template":"","format":"standard","meta":{"footnotes":""},"categories":[4,9],"tags":[1242,806,1247],"class_list":["post-21002","post","type-post","status-publish","format-standard","has-post-thumbnail","hentry","category-barra","category-politica","tag-congresistas-de-norte-de-santander","tag-congreso-de-la-republica","tag-jairo-ibero-ortega"],"_links":{"self":[{"href":"https:\/\/contraluzcucuta.co\/index.php?rest_route=\/wp\/v2\/posts\/21002","targetHints":{"allow":["GET"]}}],"collection":[{"href":"https:\/\/contraluzcucuta.co\/index.php?rest_route=\/wp\/v2\/posts"}],"about":[{"href":"https:\/\/contraluzcucuta.co\/index.php?rest_route=\/wp\/v2\/types\/post"}],"author":[{"embeddable":true,"href":"https:\/\/contraluzcucuta.co\/index.php?rest_route=\/wp\/v2\/users\/1"}],"replies":[{"embeddable":true,"href":"https:\/\/contraluzcucuta.co\/index.php?rest_route=%2Fwp%2Fv2%2Fcomments&post=21002"}],"version-history":[{"count":1,"href":"https:\/\/contraluzcucuta.co\/index.php?rest_route=\/wp\/v2\/posts\/21002\/revisions"}],"predecessor-version":[{"id":21004,"href":"https:\/\/contraluzcucuta.co\/index.php?rest_route=\/wp\/v2\/posts\/21002\/revisions\/21004"}],"wp:featuredmedia":[{"embeddable":true,"href":"https:\/\/contraluzcucuta.co\/index.php?rest_route=\/wp\/v2\/media\/21003"}],"wp:attachment":[{"href":"https:\/\/contraluzcucuta.co\/index.php?rest_route=%2Fwp%2Fv2%2Fmedia&parent=21002"}],"wp:term":[{"taxonomy":"category","embeddable":true,"href":"https:\/\/contraluzcucuta.co\/index.php?rest_route=%2Fwp%2Fv2%2Fcategories&post=21002"},{"taxonomy":"post_tag","embeddable":true,"href":"https:\/\/contraluzcucuta.co\/index.php?rest_route=%2Fwp%2Fv2%2Ftags&post=21002"}],"curies":[{"name":"wp","href":"https:\/\/api.w.org\/{rel}","templated":true}]}}