{"id":20977,"date":"2014-03-09T22:19:44","date_gmt":"2014-03-10T03:19:44","guid":{"rendered":"http:\/\/contraluzcucuta.co\/?p=20977"},"modified":"2014-03-09T22:19:44","modified_gmt":"2014-03-10T03:19:44","slug":"ifinorte-apoya-a-trasportadores-de-el-zulia","status":"publish","type":"post","link":"https:\/\/contraluzcucuta.co\/?p=20977","title":{"rendered":"Ifinorte apoya a trasportadores de El Zulia"},"content":{"rendered":"<p><b style=\"line-height: 1.5em;\">EL ZULIA \u2013 Norte de Santander.- <\/b><span style=\"line-height: 1.5em;\">El gerente de Ifinorte, Cesar Omar Rojas Ayala, entreg\u00f3 un cheque por $ 332 millones a la Cooperativa de Trasportes San Miguel (Cotrasan), de El Zulia.<\/span><\/p>\n<p>Los recursos ser\u00e1n\u00a0 entregados por el Fondo Fortalecer Nos, por intermedio del operador Corfas, y beneficiar\u00e1n a 27 socios de la cooperativa.<\/p>\n<p>Seg\u00fan los transportadores, el empr\u00e9stito otorgado les permitir\u00e1 renovar el parque automotor, como lo hicieron en el 2013 varios socios de la empresa Cotranszul.<\/p>\n<p>Ifinorte atender\u00e1 las solicitudes que presenten en materia de cr\u00e9ditos las empresas de trasporte que prestan el servicio o funcionan en diferentes municipios de Norte de Santander.<\/p>\n<p>Jacinto Suarez, gerente de Cotrasan, agradeci\u00f3 al gerente de Ifinorte, C\u00e9sar Rojas, por el compromiso y el inter\u00e9s para brindar\u00a0 oportunidades a los microempresarios del departamento incentiv\u00e1ndolos a dinamizar\u00a0 la econom\u00eda y generar fuentes de empleo.<\/p>\n<p>&nbsp; <\/p>\n","protected":false},"excerpt":{"rendered":"<p>EL ZULIA \u2013 Norte de Santander.- El gerente de Ifinorte, Cesar Omar Rojas Ayala, entreg\u00f3 un cheque por $ 332 millones a la Cooperativa de Trasportes San Miguel (Cotrasan), de El Zulia. Los recursos ser\u00e1n\u00a0 entregados por el Fondo Fortalecer Nos, por intermedio del operador Corfas, y beneficiar\u00e1n a 27 socios de la cooperativa. Seg\u00fan &hellip;<\/p>\n","protected":false},"author":1,"featured_media":20978,"comment_status":"open","ping_status":"open","sticky":false,"template":"","format":"standard","meta":{"footnotes":""},"categories":[32],"tags":[1236,1237,571],"class_list":["post-20977","post","type-post","status-publish","format-standard","has-post-thumbnail","hentry","category-recorrido-por-la-region","tag-cesar-omar-rojas","tag-el-zulia","tag-ifinorte"],"_links":{"self":[{"href":"https:\/\/contraluzcucuta.co\/index.php?rest_route=\/wp\/v2\/posts\/20977","targetHints":{"allow":["GET"]}}],"collection":[{"href":"https:\/\/contraluzcucuta.co\/index.php?rest_route=\/wp\/v2\/posts"}],"about":[{"href":"https:\/\/contraluzcucuta.co\/index.php?rest_route=\/wp\/v2\/types\/post"}],"author":[{"embeddable":true,"href":"https:\/\/contraluzcucuta.co\/index.php?rest_route=\/wp\/v2\/users\/1"}],"replies":[{"embeddable":true,"href":"https:\/\/contraluzcucuta.co\/index.php?rest_route=%2Fwp%2Fv2%2Fcomments&post=20977"}],"version-history":[{"count":1,"href":"https:\/\/contraluzcucuta.co\/index.php?rest_route=\/wp\/v2\/posts\/20977\/revisions"}],"predecessor-version":[{"id":20979,"href":"https:\/\/contraluzcucuta.co\/index.php?rest_route=\/wp\/v2\/posts\/20977\/revisions\/20979"}],"wp:featuredmedia":[{"embeddable":true,"href":"https:\/\/contraluzcucuta.co\/index.php?rest_route=\/wp\/v2\/media\/20978"}],"wp:attachment":[{"href":"https:\/\/contraluzcucuta.co\/index.php?rest_route=%2Fwp%2Fv2%2Fmedia&parent=20977"}],"wp:term":[{"taxonomy":"category","embeddable":true,"href":"https:\/\/contraluzcucuta.co\/index.php?rest_route=%2Fwp%2Fv2%2Fcategories&post=20977"},{"taxonomy":"post_tag","embeddable":true,"href":"https:\/\/contraluzcucuta.co\/index.php?rest_route=%2Fwp%2Fv2%2Ftags&post=20977"}],"curies":[{"name":"wp","href":"https:\/\/api.w.org\/{rel}","templated":true}]}}