{"id":20972,"date":"2014-03-09T19:41:48","date_gmt":"2014-03-10T00:41:48","guid":{"rendered":"http:\/\/contraluzcucuta.co\/?p=20972"},"modified":"2014-03-10T22:51:24","modified_gmt":"2014-03-11T03:51:24","slug":"dialogos-con-el-eln-otro-camino-hacia-la-paz","status":"publish","type":"post","link":"https:\/\/contraluzcucuta.co\/?p=20972","title":{"rendered":"Di\u00e1logos con el Eln, otro camino hacia la paz"},"content":{"rendered":"<p><span style=\"line-height: 1.5em;\">Con el \u00e1nimo de conmemorar los 15 a\u00f1os de actividades del Programa Pedagog\u00eda de Paz de la Universidad Pedag\u00f3gica Nacional se llev\u00f3 a cabo la sesi\u00f3n inaugural para la programaci\u00f3n en el presente a\u00f1o con la realizaci\u00f3n de la mesa redonda y foro titulado: \u2018Importancia hist\u00f3rica de los di\u00e1logos con el ELN\u2019.<\/span><\/p>\n<p>En mi condici\u00f3n de director del Programa Pedagog\u00eda de Paz expres\u00e9 las siguientes reflexiones:<\/p>\n<p>1. Ratificar desde la comunidad universitaria la b\u00fasqueda de los caminos que nos conduzcan a la paz y a la convivencia entre los colombianos orientando nuestros esfuerzos acad\u00e9micos a estudiar y conocer la g\u00e9nesis profunda del conflicto social y armado que padece las sociedad colombiana en estos \u00faltimos 50 a\u00f1os.<\/p>\n<p>2. El conflicto social y armado tiene ra\u00edces que se remontan a los or\u00edgenes de lo que se ha denominado la \u2018Guerra de los mil d\u00edas\u2019, que sufri\u00f3 nuestra sociedad a fines del siglo XIX y comienzo del XX y que se continu\u00f3 con lo que se llam\u00f3 \u2018la revoluci\u00f3n en marcha, de Alfonso L\u00f3pez Pumarejo continu\u00e1ndose con el asesinato del caudillo Jorge Eli\u00e9cer Gait\u00e1n, lo que origin\u00f3 la violencia pol\u00edtica\u00a0 y que va hasta el surgimiento del Frente Nacional. En 1964, aparece la insurrecci\u00f3n colombiana que se expresa en tres grupos armados Eln, Farc y Epl. Tiene especial importancia la aparici\u00f3n y posterior sacrificio del profesor universitario y Capell\u00e1n de la Universidad Nacional Camilo Torres Restrepo.<\/p>\n<p>3. La guerra consume el 6,5 % del PIB. Es necesario y urgente reducir este gasto al menos el 4 % del PIB. El excedente del 2,5 % del PIB que se liberar\u00eda por raz\u00f3n del fin de la guerra y que equivale a 10.000 millones de d\u00f3lares permitir\u00eda destinarlos a educaci\u00f3n, cultura, deporte, ciencia y salud, haciendo una sociedad m\u00e1s justa y solidaria para todos los colombianos.<\/p>\n<p>El profesor Alejo Vargas se refiri\u00f3 a la urgencia de comenzar los di\u00e1logos entre el presidente Santos y el Eln por lo que recoge, entre otros aspectos, el pensamiento de Camilo Torres Restrepo en la vida social colombiana y en la Iglesia Cat\u00f3lica. La presencia de su ejemplo dio inicio a la teolog\u00eda de la liberaci\u00f3n que termin\u00f3 impactando a toda la iglesia y que hoy se expresa con la llegada del papa Francisco al solio de San Pedro.<\/p>\n<p>Mostr\u00f3, en su puntual intervenci\u00f3n, los cinco esfuerzos que ha hecho el Eln por llegar a acuerdos de paz expresando el primero, con su presencia en la coordinadora guerrillera\u00a0 luego las conversaciones en los gobiernos de Ernesto Samper, Andr\u00e9s Pastrana y \u00c1lvaro Uribe. En estos esfuerzos no han podido ponerse de acuerdo y en la actualidad parece que peque\u00f1as diferencias o contratiempos se convierten en grandes problemas que impiden el inicio del di\u00e1logo. Existen puntos de honor, formalidades o exigencias de la contraparte que impiden la iniciaci\u00f3n de los di\u00e1logos. Manifiesta la importancia de la participaci\u00f3n de la sociedad en la recomendaci\u00f3n al gobierno y\u00a0 al Eln de dar inicio pronto y urgente a estos di\u00e1logos.<\/p>\n<p>Carlos Velandia hace un an\u00e1lisis de lo que fue el comportamiento del Eln durante los dos periodos presidenciales de\u00a0 Uribe y muestra como una pol\u00edtica de repliegue militar de la guerrilla logr\u00f3 proteger y evitar la confrontaci\u00f3n manteniendo sus fuerzas. El Eln inicialmente plantea superar las causas que generaron el conflicto lo que ha impedido el inicio de los di\u00e1logos. El planteamiento en la actualidad es que gobierno e insurgencia discutan los temas que tienen que ver en concreto con el enfrentamiento armado y que la sociedad y el pa\u00eds, por aparte, discutan los grandes problemas en que est\u00e1 inmersa la sociedad colombiana, con temas como salud, educaci\u00f3n y otros. Es necesario ampliar la democracia para poder escuchar a todos. Como aspecto central consideran que el Eln debe renunciar p\u00fablicamente al secuestro y liberar a todos los secuestrados que tenga en su poder como una muestra de buena voluntad. La sociedad aplaudir\u00eda un gesto de esta naturaleza.<\/p>\n<p>Rosa Emilia Salamanca manifest\u00f3 el respaldo de las mujeres por la paz con el Eln y su esperanza a que esto se concrete, dijo que el Eln debe expresar mayor humildad en este momento hist\u00f3rico para Colombia donde la esperanza real es el fin de la guerra, manifest\u00f3 que como mujeres no queremos ser representados por la insurgencia. Nosotros tenemos nuestra propia y aut\u00e9ntica representaci\u00f3n. Dijo que el Eln debe reconocer los avances de las organizaciones populares y su fortaleza en la lucha popular. Queremos ser pactantes activas, no pactadas. Ratific\u00f3 la propuesta de no m\u00e1s al secuestro, hecha en la Cumbre de Mujeres por la Paz. Reclam\u00f3 la presencia de la mujer en las mesas de negociaci\u00f3n y pidi\u00f3 que no se repita el caso de las Farc, que al inicio de los di\u00e1logos no hubiera ninguna mujer en la mesa de di\u00e1logo en La Habana. Por \u00faltimo, manifest\u00f3 que lo fundamental es desmilitarizar el coraz\u00f3n y la mente y para esto es necesario llevar a cabo un cambio cultural y \u00e9tico en el pa\u00eds.<\/p>\n<p>Luis Eduardo Celis manifest\u00f3 que la esperanza es la de convertir al Eln en una fuerza pol\u00edtica, sin armas recogiendo en este esfuerzo el pensamiento social y pol\u00edtico de Camilo Torres Restrepo. Expres\u00f3 que ya no tiene ning\u00fan sentido la guerra y que diferente de la organizaci\u00f3n pol\u00edtica, no hay otra posibilidad. Que es necesario caminar hacia la construcci\u00f3n de un nuevo frente pol\u00edtico y social donde se articule en un proceso unitario la fuerza social y pol\u00edtica del ELN y de las FARC despu\u00e9s de terminados felizmente los di\u00e1logos y firmada la paz.<\/p>\n<p><b>ALONSO OJEDA AWAD<\/b><\/p>\n<p><b>Ex embajador de Colombia<\/b><\/p>\n<p><b>Director programa Paz. Universidad Pedag\u00f3gica Nacional<\/b> <\/p>\n","protected":false},"excerpt":{"rendered":"<p>Con el \u00e1nimo de conmemorar los 15 a\u00f1os de actividades del Programa Pedagog\u00eda de Paz de la Universidad Pedag\u00f3gica Nacional se llev\u00f3 a cabo la sesi\u00f3n inaugural para la programaci\u00f3n en el presente a\u00f1o con la realizaci\u00f3n de la mesa redonda y foro titulado: \u2018Importancia hist\u00f3rica de los di\u00e1logos con el ELN\u2019. En mi condici\u00f3n &hellip;<\/p>\n","protected":false},"author":1,"featured_media":20973,"comment_status":"open","ping_status":"open","sticky":false,"template":"","format":"standard","meta":{"footnotes":""},"categories":[14,6],"tags":[830,665,1235],"class_list":["post-20972","post","type-post","status-publish","format-standard","has-post-thumbnail","hentry","category-articulistas","category-ojo-avizor","tag-alonso-ojeda","tag-dialogos-de-paz","tag-eln"],"_links":{"self":[{"href":"https:\/\/contraluzcucuta.co\/index.php?rest_route=\/wp\/v2\/posts\/20972","targetHints":{"allow":["GET"]}}],"collection":[{"href":"https:\/\/contraluzcucuta.co\/index.php?rest_route=\/wp\/v2\/posts"}],"about":[{"href":"https:\/\/contraluzcucuta.co\/index.php?rest_route=\/wp\/v2\/types\/post"}],"author":[{"embeddable":true,"href":"https:\/\/contraluzcucuta.co\/index.php?rest_route=\/wp\/v2\/users\/1"}],"replies":[{"embeddable":true,"href":"https:\/\/contraluzcucuta.co\/index.php?rest_route=%2Fwp%2Fv2%2Fcomments&post=20972"}],"version-history":[{"count":1,"href":"https:\/\/contraluzcucuta.co\/index.php?rest_route=\/wp\/v2\/posts\/20972\/revisions"}],"predecessor-version":[{"id":20974,"href":"https:\/\/contraluzcucuta.co\/index.php?rest_route=\/wp\/v2\/posts\/20972\/revisions\/20974"}],"wp:featuredmedia":[{"embeddable":true,"href":"https:\/\/contraluzcucuta.co\/index.php?rest_route=\/wp\/v2\/media\/20973"}],"wp:attachment":[{"href":"https:\/\/contraluzcucuta.co\/index.php?rest_route=%2Fwp%2Fv2%2Fmedia&parent=20972"}],"wp:term":[{"taxonomy":"category","embeddable":true,"href":"https:\/\/contraluzcucuta.co\/index.php?rest_route=%2Fwp%2Fv2%2Fcategories&post=20972"},{"taxonomy":"post_tag","embeddable":true,"href":"https:\/\/contraluzcucuta.co\/index.php?rest_route=%2Fwp%2Fv2%2Ftags&post=20972"}],"curies":[{"name":"wp","href":"https:\/\/api.w.org\/{rel}","templated":true}]}}