{"id":20969,"date":"2014-03-09T18:44:48","date_gmt":"2014-03-09T23:44:48","guid":{"rendered":"http:\/\/contraluzcucuta.co\/?p=20969"},"modified":"2014-03-09T18:44:48","modified_gmt":"2014-03-09T23:44:48","slug":"plan-de-choque-para-norte-de-santander","status":"publish","type":"post","link":"https:\/\/contraluzcucuta.co\/?p=20969","title":{"rendered":"\u00bfPlan de choque para Norte de Santander?"},"content":{"rendered":"<p><b style=\"line-height: 1.5em;\">CHIN\u00c1COTA \u2013 Norte de Santander.-<\/b><span style=\"line-height: 1.5em;\"> Hemos le\u00eddo la carta que le envi\u00f3 Guillermo Botero Nieto, presidente nacional de Fenalco,\u00a0 al presidente Santos; la solicitud del senador Juan Fernando Cristo y de algunos parlamentarios, que el Gobierno debe declarar nuevamente la emergencia econ\u00f3mica o hacer un plan de choque para Norte de Santander, con el argumento que estas medidas eviten el agravamiento de la situaci\u00f3n que vive la frontera con Venezuela y que pone en peligro la convivencia ciudadana.<\/span><\/p>\n<p>Con todo respeto hago los siguientes comentarios:<\/p>\n<p>Seguir hablando de emergencia econ\u00f3mica y de plan de choque se nos est\u00e1 convirtiendo en el pan de cada d\u00eda, pues cuando esto ha sido impuesto con rebajas de IVA, o reg\u00edmenes especiales tributarios, no ha resuelto el problema, pues ah\u00ed vemos que seguimos en lo mismo, con el mismo problema de desempleo, econom\u00eda informal en crecimiento, bajas ventas del comercio a los venezolanos, desempleo en m\u00e1s del 16 %, baja en exportaciones, contrabando y todo lo dem\u00e1s que conocemos, sin que realmente estos supuestos beneficios lleguen a la poblaci\u00f3n. Pero nunca ha aparecido una propuesta de soluci\u00f3n, no coyuntural, sino estructural al problema que tenemos en Norte de Santander.<\/p>\n<p>En primer lugar, es necesario recordarles a nuestros dirigentes, pol\u00edticos, gremios, empresarios y \u00a0ciudadan\u00eda que lo que sucedi\u00f3 en Venezuela fue un cambio de modelo hace 15 a\u00f1os y que la tendencia \u2018declinante\u2019 de la econom\u00eda seguir\u00e1. Esto fue en estos d\u00edas\u00a0 ratificado por el presidente Maduro, quien dijo que el Gobierno seguir\u00e1 expropiando y persiguiendo a quienes se opongan a ese modelo milagroso, que es el Socialismo del Siglo XXI.<\/p>\n<p>Conociendo esto, o aceptando la verdad, es necesario reconocer que lo que ha afectado el comercio con Venezuela \u00a0no es coyuntural, sino estructural. No hay soluci\u00f3n por ahora dentro de ese modelo econ\u00f3mico y pol\u00edtico que est\u00e1 siendo implementado all\u00ed. Por lo tanto, para los nortesantandereanos es un hecho que los compradores venezolanos seguir\u00e1n ausentes, que nuestras exportaciones a ese pa\u00eds seguir\u00e1n bajas (hay escasez de divisas en Venezuela para comprar), que la inflaci\u00f3n en Venezuela seguir\u00e1 galopante y en crecimiento, que la apreciaci\u00f3n del peso frente al bol\u00edvar seguir\u00e1 en aumento y por lo tanto haci\u00e9ndoles m\u00e1s dif\u00edcil a esos compradores venir a C\u00facuta a gastar lo que no tienen.<\/p>\n<p>Por lo anterior, es necesario buscar una salida definitiva y una estrategia para implementarla que inicie un proceso de desarrollo econ\u00f3mico sostenible para Norte de Santander.<\/p>\n<p>1. No podemos ser indiferentes al problema de Venezuela, pero no podemos tampoco dejar que nos golpee nuestra estructura productiva. Debemos hacer algo y hacerlo o comenzar a hacerlo ahora, pues lo que necesitamos los ciudadanos son hechos y no tantas palabras, y peor estarle llorando al Gobierno, la mayor\u00eda de las veces sin llevar propuestas serias ni concretas sobre los temas que tienen que ver con la naci\u00f3n en el departamento. Tampoco estamos haciendo lo necesario con nuestros recursos y dentro de la responsabilidad que nos compete. Depende de nosotros, el que iniciemos un proceso de verdadero desarrollo econ\u00f3mico y social. Es necesario, urge tomar la iniciativa de dise\u00f1ar un plan de cambio, incluso en la actitud y convocarnos todos: Gobernaci\u00f3n, gremios, dirigentes pol\u00edticos, empresarios, universidades, comerciantes, dirigentes c\u00edvicos, todos, unidos para buscarle una salida s\u00f3lida, independiente del mercado venezolano y de largo plazo al departamento, liderados por la\u00a0 Gobernaci\u00f3n, de manera concertada y con verdadero compromiso.<\/p>\n<p>2. \u2018Concentrarnos en lo fundamental\u2019. Carreteras. Se necesita que la naci\u00f3n asuma la intervenci\u00f3n en tres v\u00edas.<\/p>\n<p>&#8211; C\u00facuta- Tib\u00fa- El Tarra- Convenci\u00f3n- Guamalito \u2013 Ruta del Sol. Deben ser construidos puentes en Campo Dos (r\u00edo Sardinata); r\u00edo Tib\u00fa y sobre el r\u00edo Tarra. Hacerle mantenimiento general a la v\u00eda. Esta carretera es fundamental para descongestionar a El Catatumbo y la salida de mineros del carb\u00f3n, agricultores y comercio hacia la Costa Norte y al Magdalena Medio.<\/p>\n<p>&#8211; C\u00facuta- Oca\u00f1a- Ruta del Sol. Se requiere mejorar el tramo a Sardinata y construir al menos tres viaductos en la zona de La Curva, necesarios para agilizar el tr\u00e1nsito en cualquier \u00e9poca. Esto debe ser parte de la construcci\u00f3n de una Fase I de Viaductos en esta carretera que acorte distancias y tiempos de desplazamientos. La Fase II, a continuaci\u00f3n, deber\u00e1 ser la ampliaci\u00f3n a doble calzada.<\/p>\n<p>&#8211; C\u00facuta- Pamplona- Bucaramanga. Continuar la ampliaci\u00f3n a doble calzada, como lo solicita Fenalco.<\/p>\n<p>Estos trabajos\u00a0 deben ser gestionados por los nortesantandereanos de manera contundente y seguimiento de congresistas, gobierno departamental, comunidad y gremios, con objetivos y metas que deben ser revisadas mensualmente. Sin carreteras no habr\u00e1 desarrollo econ\u00f3mico.<\/p>\n<p>3. Es Responsabilidad del departamento y municipios iniciar la recuperaci\u00f3n de la malla departamental y terciaria, clave para el comercio y conexi\u00f3n con las v\u00edas nacionales.\u00a0 Debe hacerse una valoraci\u00f3n del trabajo y la inversi\u00f3n que se requiere, an\u00e1lisis econ\u00f3mico y gestionar y planificar los recursos.<\/p>\n<p>El trabajo en estas carreteras debe llevar al departamento a una promoci\u00f3n tur\u00edstica nacional e internacional, de potencial tur\u00edstico, de los cuales esta tierra es rica,\u00a0 desarrollando esta industria, generadora de empleo y de ingresos para el fisco. Tambi\u00e9n impactar\u00e1 al sector rural, estimul\u00e1ndolo a la organizaci\u00f3n empresarial y la creaci\u00f3n de una clase media rural, que ser\u00e1 motor de mayores desarrollos en el campo.<\/p>\n<p>4. Es Responsabilidad del departamento, municipios, empresarios y universidades. Invertir en el capital humano. Norte de Santander necesita formar profesionales en las \u00e1reas claves de la econom\u00eda e infraestructura, como en medio ambiente, en un plan de becas compartidas para la formaci\u00f3n y la especializaci\u00f3n de talentos en universidades de Estados Unidos, Canad\u00e1, Inglaterra, Francia, Alemania, Jap\u00f3n, Israel y Espa\u00f1a, entre otros pa\u00edses. Este plan debe ser aplicado a los mejores universitarios de \u00faltimo a\u00f1o y a profesionales seleccionados que tengan experiencia laboral, con el objeto de formar, al menos, 50 profesionales por a\u00f1o en un programa de posgrados, doctorados y Phd, a 10 a\u00f1os. Los recursos de este programa deben ser de regal\u00edas, convenios internacionales con las universidades, la naci\u00f3n, participaci\u00f3n de los estudiantes y con apoyo de los empresarios locales. Son necesarias la formaci\u00f3n y la capacitaci\u00f3n especializada para que en compensaci\u00f3n regresen a trabajar con los sectores privado y p\u00fablico por un periodo estipulado de a\u00f1os u organizar empresas y negocios en el departamento.<\/p>\n<p>La formaci\u00f3n de talentos requiere de una alianza entre la Universidad- Empresa- Sector P\u00fablico, indispensable para el trabajo empresarial, formaci\u00f3n de nuevos y grandes liderazgos, organizaci\u00f3n de nuevos negocios e independencia de los profesionales.<\/p>\n<p>5. Est\u00edmulo a la Inversi\u00f3n Privada. Es necesario, paralelo a la intervenci\u00f3n de las v\u00edas, hacer un programa que verdaderamente estimule la\u00a0 inversi\u00f3n privada y generaci\u00f3n de empresas, m\u00ednimo a 15 a\u00f1os, que puedan instalarse en la geograf\u00eda departamental, generen empleo y se apliquen a desarrollar las fortalezas en energ\u00eda, miner\u00eda, servicios, infraestructura y actividades agroindustriales. El objetivo, generar empleo de calidad. Los resultados de este programa pueden predecirse y ser evaluados en la generaci\u00f3n de empleo e ingresos.<\/p>\n<p>6.\u00a0 Es responsabilidad del departamento analizar y definir la realidad, para\u00a0 viabilizar proyectos como El C\u00ednera, un ingenio azucarero, zonas francas, empresas agroindustriales, manufactura, industria metalmec\u00e1nica, estructuraci\u00f3n de proyectos de energ\u00eda alternativa, fundamentalmente la solar en parques, hospitales, escuelas, universidades, edificios y v\u00edas p\u00fablicas, programa que debe ser iniciado desde los gobiernos departamental y municipales. La implementaci\u00f3n de energ\u00eda solar redundar\u00e1 en beneficios ambientales y econ\u00f3micos.<\/p>\n<p>En fin, es necesario definir \u00a0para d\u00f3nde queremos llevar al departamento, qu\u00e9 futuro queremos construir, c\u00f3mo lo debemos hacer y en qu\u00e9 tiempo hay que hacerlo. Debemos construir lo que necesitamos los nortesantandereanos: v\u00edas, energ\u00eda, \u00a0empresariado fuerte, mejorar nuestro sector empresarial actual, estimular la inversi\u00f3n productiva, mejorar la educaci\u00f3n p\u00fablica y la universidad. De esta manera podremos atacar la pobreza, reducirla y elevar el nivel de vida de la comunidad y ofrecer alternativas para el crecimiento y desarrollo econ\u00f3micos.<\/p>\n<p>Es por esto y por muchas m\u00e1s razones que debemos trabajar m\u00e1s y mejor por nuestra propia tierra. Este es el verdadero plan de choque que necesitamos.<\/p>\n<p><b>SEGUNDO ANTONIO GONZ\u00c1LEZ<\/b><\/p>\n<p><b>Chin\u00e1cota, marzo de 2014<\/b> <\/p>\n","protected":false},"excerpt":{"rendered":"<p>CHIN\u00c1COTA \u2013 Norte de Santander.- Hemos le\u00eddo la carta que le envi\u00f3 Guillermo Botero Nieto, presidente nacional de Fenalco,\u00a0 al presidente Santos; la solicitud del senador Juan Fernando Cristo y de algunos parlamentarios, que el Gobierno debe declarar nuevamente la emergencia econ\u00f3mica o hacer un plan de choque para Norte de Santander, con el argumento &hellip;<\/p>\n","protected":false},"author":1,"featured_media":20970,"comment_status":"open","ping_status":"open","sticky":false,"template":"","format":"standard","meta":{"footnotes":""},"categories":[14,4],"tags":[619,1234,247],"class_list":["post-20969","post","type-post","status-publish","format-standard","has-post-thumbnail","hentry","category-articulistas","category-barra","tag-norte-de-santander","tag-plan-de-choque","tag-segundo-antonio-gonzalez"],"_links":{"self":[{"href":"https:\/\/contraluzcucuta.co\/index.php?rest_route=\/wp\/v2\/posts\/20969","targetHints":{"allow":["GET"]}}],"collection":[{"href":"https:\/\/contraluzcucuta.co\/index.php?rest_route=\/wp\/v2\/posts"}],"about":[{"href":"https:\/\/contraluzcucuta.co\/index.php?rest_route=\/wp\/v2\/types\/post"}],"author":[{"embeddable":true,"href":"https:\/\/contraluzcucuta.co\/index.php?rest_route=\/wp\/v2\/users\/1"}],"replies":[{"embeddable":true,"href":"https:\/\/contraluzcucuta.co\/index.php?rest_route=%2Fwp%2Fv2%2Fcomments&post=20969"}],"version-history":[{"count":1,"href":"https:\/\/contraluzcucuta.co\/index.php?rest_route=\/wp\/v2\/posts\/20969\/revisions"}],"predecessor-version":[{"id":20971,"href":"https:\/\/contraluzcucuta.co\/index.php?rest_route=\/wp\/v2\/posts\/20969\/revisions\/20971"}],"wp:featuredmedia":[{"embeddable":true,"href":"https:\/\/contraluzcucuta.co\/index.php?rest_route=\/wp\/v2\/media\/20970"}],"wp:attachment":[{"href":"https:\/\/contraluzcucuta.co\/index.php?rest_route=%2Fwp%2Fv2%2Fmedia&parent=20969"}],"wp:term":[{"taxonomy":"category","embeddable":true,"href":"https:\/\/contraluzcucuta.co\/index.php?rest_route=%2Fwp%2Fv2%2Fcategories&post=20969"},{"taxonomy":"post_tag","embeddable":true,"href":"https:\/\/contraluzcucuta.co\/index.php?rest_route=%2Fwp%2Fv2%2Ftags&post=20969"}],"curies":[{"name":"wp","href":"https:\/\/api.w.org\/{rel}","templated":true}]}}