{"id":20959,"date":"2014-03-07T22:01:29","date_gmt":"2014-03-08T03:01:29","guid":{"rendered":"http:\/\/contraluzcucuta.co\/?p=20959"},"modified":"2014-03-07T22:04:24","modified_gmt":"2014-03-08T03:04:24","slug":"a-cucuta-llegaran-350-nuevos-agentes-de-la-policia","status":"publish","type":"post","link":"https:\/\/contraluzcucuta.co\/?p=20959","title":{"rendered":"A C\u00facuta llegar\u00e1n 350 nuevos agentes de la Polic\u00eda"},"content":{"rendered":"<p><b style=\"line-height: 1.5em;\">C\u00daCUTA.-<\/b><span style=\"line-height: 1.5em;\"> Trescientos cincuenta agentes de la Polic\u00eda llegar\u00e1n a C\u00facuta en lo que resta del a\u00f1o. Los uniformados ser\u00e1n repartidos en marzo (150), en agosto (150) y diciembre (50). As\u00ed lo conform\u00f3 el \u00a0ministro de Defensa, Juan Carlos Pinz\u00f3n, quien presidi\u00f3 hoy un consejo de seguridad en la capital de Norte de Santander.<\/span><\/p>\n<p>El alcalde Donamaris Ram\u00edrez hab\u00eda solicitado, a comienzos de mes, el refuerzo de la seguridad. Los uniformados enviados conformar\u00e1n \u00a0el pie de fuerza requerido para que la ciudad complete los cuadrantes.<\/p>\n<p>\u201cLe solicito se efect\u00fae un plan de choque y se adelante el env\u00edo de los 250 hombres de la polic\u00eda\u201d, le dijo el gobernante local al titular de la cartera. Las razones para pedir el adelanto del pie de fuerza son:<\/p>\n<p>1.- El entorno pol\u00edtico de Venezuela est\u00e1 agitado<\/p>\n<p>2.- Ese escenario ocasiona m\u00faltiples hechos que afectan notablemente la seguridad de los cucute\u00f1os<\/p>\n<p>3.- Incremento de los \u00edndices delictivos de la ciudad.<\/p>\n<p>En el gobierno del presidente Juan Manuel Santos la ciudad se ha beneficiado con dos convenios:<\/p>\n<p>1.- Implementaci\u00f3n del circuito cerrado de televisi\u00f3n (CCTV) para videovigilancia y el recibo de 53 c\u00e1maras.<\/p>\n<p>2.- Fortalecimiento de la vigilancia por cuadrantes. Se han recibido 11 patrullas y 94 motocicletas, que han permitido mejorar la seguridad y la convivencia ciudadanas.<\/p>\n<p>El anticipo del pie de fuerza aumenta la posibilidad para que la ciudad cuente con 83 cuadrantes de seguridad, 30 m\u00e1s de los que tiene, y se cumplir\u00e1n los prop\u00f3sitos de la administraci\u00f3n municipal de reducir los \u00edndices de criminalidad.<\/p>\n<p>&nbsp; <\/p>\n","protected":false},"excerpt":{"rendered":"<p>C\u00daCUTA.- Trescientos cincuenta agentes de la Polic\u00eda llegar\u00e1n a C\u00facuta en lo que resta del a\u00f1o. Los uniformados ser\u00e1n repartidos en marzo (150), en agosto (150) y diciembre (50). As\u00ed lo conform\u00f3 el \u00a0ministro de Defensa, Juan Carlos Pinz\u00f3n, quien presidi\u00f3 hoy un consejo de seguridad en la capital de Norte de Santander. El alcalde &hellip;<\/p>\n","protected":false},"author":1,"featured_media":20961,"comment_status":"open","ping_status":"open","sticky":false,"template":"","format":"standard","meta":{"footnotes":""},"categories":[11,4],"tags":[1115,1230,1229],"class_list":["post-20959","post","type-post","status-publish","format-standard","has-post-thumbnail","hentry","category-cronica-roja","category-barra","tag-juan-carlos-pinzon","tag-ministro-de-la-defensa","tag-policia-de-cucuta"],"_links":{"self":[{"href":"https:\/\/contraluzcucuta.co\/index.php?rest_route=\/wp\/v2\/posts\/20959","targetHints":{"allow":["GET"]}}],"collection":[{"href":"https:\/\/contraluzcucuta.co\/index.php?rest_route=\/wp\/v2\/posts"}],"about":[{"href":"https:\/\/contraluzcucuta.co\/index.php?rest_route=\/wp\/v2\/types\/post"}],"author":[{"embeddable":true,"href":"https:\/\/contraluzcucuta.co\/index.php?rest_route=\/wp\/v2\/users\/1"}],"replies":[{"embeddable":true,"href":"https:\/\/contraluzcucuta.co\/index.php?rest_route=%2Fwp%2Fv2%2Fcomments&post=20959"}],"version-history":[{"count":1,"href":"https:\/\/contraluzcucuta.co\/index.php?rest_route=\/wp\/v2\/posts\/20959\/revisions"}],"predecessor-version":[{"id":20962,"href":"https:\/\/contraluzcucuta.co\/index.php?rest_route=\/wp\/v2\/posts\/20959\/revisions\/20962"}],"wp:featuredmedia":[{"embeddable":true,"href":"https:\/\/contraluzcucuta.co\/index.php?rest_route=\/wp\/v2\/media\/20961"}],"wp:attachment":[{"href":"https:\/\/contraluzcucuta.co\/index.php?rest_route=%2Fwp%2Fv2%2Fmedia&parent=20959"}],"wp:term":[{"taxonomy":"category","embeddable":true,"href":"https:\/\/contraluzcucuta.co\/index.php?rest_route=%2Fwp%2Fv2%2Fcategories&post=20959"},{"taxonomy":"post_tag","embeddable":true,"href":"https:\/\/contraluzcucuta.co\/index.php?rest_route=%2Fwp%2Fv2%2Ftags&post=20959"}],"curies":[{"name":"wp","href":"https:\/\/api.w.org\/{rel}","templated":true}]}}