{"id":20953,"date":"2014-03-07T19:40:15","date_gmt":"2014-03-08T00:40:15","guid":{"rendered":"http:\/\/contraluzcucuta.co\/?p=20953"},"modified":"2014-03-07T19:40:15","modified_gmt":"2014-03-08T00:40:15","slug":"quinteto-halcones-de-cucuta-abrira-temporada-en-tunja","status":"publish","type":"post","link":"https:\/\/contraluzcucuta.co\/?p=20953","title":{"rendered":"Quinteto Halcones de C\u00facuta abrir\u00e1 temporada en Tunja"},"content":{"rendered":"<p><b style=\"line-height: 1.5em;\">C\u00daCUTA.-<\/b><span style=\"line-height: 1.5em;\"> El club Halcones de C\u00facuta comenzar\u00e1 en Tunja el recorrido por \u00a0el camino del baloncesto profesional colombiano. El quinteto viajar\u00e1 a principios de semana para encarar el primer partido contra \u00a0\u00c1guilas, en la apertura de la Liga 2014.<\/span><\/p>\n<p>Los dirigidos por el profesor Carlos Gil se concentraron durante el \u00faltimo mes en Pamplona, donde llevaron a cabo la pretemporada. El equipo jugar\u00e1 lunes y martes, a las 8:00 de la noche, y regresar\u00e1 a C\u00facuta el mi\u00e9rcoles, para preparar el siguiente juego contra Guerreros de Bogot\u00e1, el 14 y 15 de marzo.<\/p>\n<p>\u201cEn l\u00edneas generales, el equipo est\u00e1 bien\u201d, dijo el t\u00e9cnico y explic\u00f3 que la adaptaci\u00f3n a la altura es \u00f3ptima. El lugar de la concentraci\u00f3n ha permitido mantener mayor confraternidad entre jugadores y cuerpo t\u00e9cnico.<\/p>\n<p>\u201cEl plantel est\u00e1 completo y nos sentimos ansiosos por la llegada del primer encuentro\u201d, afirm\u00f3 el profesor Gil.<\/p>\n<p>1.- Jugadores<\/p>\n<p>Julio Migl\u00edonico, Jhon Romero, David Reyes, Jos\u00e9 Guillermo Baquero, Junior Mart\u00ednez, Jacob Seter, Ricardo P\u00e9rez, Fernando Lucena, Jos\u00e9 \u2018El Topito\u2019 L\u00f3pez, Carlos Palacios.<\/p>\n<p>2.- Cuerpo T\u00e9cnico<\/p>\n<p>Carlos Gil \u2013 Director T\u00e9cnico<\/p>\n<p>Jes\u00fas Lozano \u2013 Fisioterapeuta<\/p>\n<p>Denis Osorio \u2013 Asistente t\u00e9cnico<\/p>\n<p>&nbsp;<\/p>\n<p>&nbsp; <\/p>\n","protected":false},"excerpt":{"rendered":"<p>C\u00daCUTA.- El club Halcones de C\u00facuta comenzar\u00e1 en Tunja el recorrido por \u00a0el camino del baloncesto profesional colombiano. El quinteto viajar\u00e1 a principios de semana para encarar el primer partido contra \u00a0\u00c1guilas, en la apertura de la Liga 2014. Los dirigidos por el profesor Carlos Gil se concentraron durante el \u00faltimo mes en Pamplona, donde &hellip;<\/p>\n","protected":false},"author":1,"featured_media":20954,"comment_status":"open","ping_status":"open","sticky":false,"template":"","format":"standard","meta":{"footnotes":""},"categories":[28],"tags":[585,1226,1227],"class_list":["post-20953","post","type-post","status-publish","format-standard","has-post-thumbnail","hentry","category-vistazo-deportivo","tag-halcones-de-cucuta","tag-liga-de-baloncesto","tag-liga-de-baloncesto-profesional-colombiana"],"_links":{"self":[{"href":"https:\/\/contraluzcucuta.co\/index.php?rest_route=\/wp\/v2\/posts\/20953","targetHints":{"allow":["GET"]}}],"collection":[{"href":"https:\/\/contraluzcucuta.co\/index.php?rest_route=\/wp\/v2\/posts"}],"about":[{"href":"https:\/\/contraluzcucuta.co\/index.php?rest_route=\/wp\/v2\/types\/post"}],"author":[{"embeddable":true,"href":"https:\/\/contraluzcucuta.co\/index.php?rest_route=\/wp\/v2\/users\/1"}],"replies":[{"embeddable":true,"href":"https:\/\/contraluzcucuta.co\/index.php?rest_route=%2Fwp%2Fv2%2Fcomments&post=20953"}],"version-history":[{"count":1,"href":"https:\/\/contraluzcucuta.co\/index.php?rest_route=\/wp\/v2\/posts\/20953\/revisions"}],"predecessor-version":[{"id":20955,"href":"https:\/\/contraluzcucuta.co\/index.php?rest_route=\/wp\/v2\/posts\/20953\/revisions\/20955"}],"wp:featuredmedia":[{"embeddable":true,"href":"https:\/\/contraluzcucuta.co\/index.php?rest_route=\/wp\/v2\/media\/20954"}],"wp:attachment":[{"href":"https:\/\/contraluzcucuta.co\/index.php?rest_route=%2Fwp%2Fv2%2Fmedia&parent=20953"}],"wp:term":[{"taxonomy":"category","embeddable":true,"href":"https:\/\/contraluzcucuta.co\/index.php?rest_route=%2Fwp%2Fv2%2Fcategories&post=20953"},{"taxonomy":"post_tag","embeddable":true,"href":"https:\/\/contraluzcucuta.co\/index.php?rest_route=%2Fwp%2Fv2%2Ftags&post=20953"}],"curies":[{"name":"wp","href":"https:\/\/api.w.org\/{rel}","templated":true}]}}